{"id":20383,"date":"2015-08-14T15:43:09","date_gmt":"2015-08-14T14:43:09","guid":{"rendered":"http:\/\/2horizontes.com\/?p=20383"},"modified":"2015-08-14T15:43:09","modified_gmt":"2015-08-14T14:43:09","slug":"da-a-luz-nina-paraguaya-de-11-anos-violada-por-padrastro-paraguay","status":"publish","type":"post","link":"https:\/\/2horizontes.com\/?p=20383","title":{"rendered":"Da a luz ni\u00f1a paraguaya de 11 a\u00f1os violada por padrastro Paraguay"},"content":{"rendered":"<p><strong>ASUNCION, Paraguay \u2014<\/strong> Una ni\u00f1a paraguaya de 11 a\u00f1os que qued\u00f3 embarazada tras ser presuntamente violada por su padrastro dio a luz el jueves por ces\u00e1rea.<\/p>\n<p>La abogada Elizabeth Torales, defensora de la madre de la ni\u00f1a, dijo a periodistas que el nacimiento tuvo lugar en el hospital de la Cruz Roja, de Asunci\u00f3n, en donde estuvo ingresada desde el lunes pasado.<\/p>\n<p>\u00abLa beba a\u00fan no tiene nombre\u00bb, dijo Torales. \u00abDurante la ces\u00e1rea no hubo complicaciones\u00bb y adelant\u00f3 que la abuela y madre de la menor solicitar\u00e1n la custodia legal de la reci\u00e9n nacida a la justicia.<\/p>\n<p>\u00abLa beba naci\u00f3 sin complicaciones. La madre permanecer\u00e1 en el hospital tres a cuatro d\u00edas y luego recibir\u00e1 el alta, como cualquier otra paciente que tuvo ces\u00e1rea\u00bb, dijo Mario Villalba, director del hospital de la Cruz Roja. A\u00f1adi\u00f3 que a la reci\u00e9n nacida \u00abacompa\u00f1a la que ahora es la abuela. Las tres est\u00e1n en la habitaci\u00f3n\u00bb.<\/p>\n<p>Villalba expres\u00f3 que el parto dur\u00f3 tan solo 35 minutos pero no ofreci\u00f3 m\u00e1s detalles debido a la restricci\u00f3n judicial para evitar que se conozca la identidad de las tres mujeres, dijo.<\/p>\n<p>El embarazo tuvo resonancia p\u00fablica en abril luego de que la oficina local de Amnist\u00eda Internacional solicitara a las autoridades paraguayas que se le practicara un aborto terap\u00e9utico a la menor.<\/p>\n<p>El ministro de Salud, Antonio Barrios, rechaz\u00f3 el pedido porque el aborto est\u00e1 prohibido en Paraguay. Entonces, la menor ten\u00eda cinco meses de gestaci\u00f3n.<\/p>\n<p>El presunto autor de la violaci\u00f3n se encuentra detenido preventivamente en la penitenciar\u00eda de Asunci\u00f3n a la espera de un juicio por supuesta coacci\u00f3n sexual a una menor. De ser hallado culpable podr\u00eda recibir una condena de entre siete y 15 a\u00f1os de c\u00e1rcel.<\/p>\n<p>\u00abA partir de ahora insistiremos en nuestro pedido al Ministerio de Salud de un acompa\u00f1amiento permanente a la abuela, madre y beba para garantizar la salud f\u00edsica y mental\u00bb, dijo a The Associated Press Norma Ben\u00edtez, vocera de la organizaci\u00f3n no gubernamental Comisi\u00f3n Latinoamericana de Mujeres. \u00abEl Estado paraguayo debe cumplir con su rol de protecci\u00f3n a la ni\u00f1ez otorg\u00e1ndole una vivienda para llevar una vida digna\u00bb.<\/p>\n<p>Seg\u00fan la Direcci\u00f3n de Estad\u00edsticas del Ministerio de Salud entre enero y junio de este a\u00f1o unos 421 ni\u00f1os y adolescentes fueron v\u00edctimas de abuso sexual en el pa\u00eds.<\/p>\n<p>\u00abDuerme en los cajones del Senado un proyecto m\u00edo, presentado cuatro a\u00f1os atr\u00e1s, sobre Salud Sexual y Reproductiva\u00bb, dijo el m\u00e9dico y senador Carlos Filizzola, de la coalici\u00f3n izquierdista Frente Guas\u00fa, que busca promover la educaci\u00f3n sexual entre los menores. \u00abMi proyecto solo establece normas y protocolos para educar a la ni\u00f1ez sobre c\u00f3mo evitar el embarazo precoz\u00bb, dijo. \u00abLastimosamente, las Iglesias conservadoras tienen a\u00fan mucha influencia\u00bb.<\/p>\n<p>Mariano Mercado, portavoz de la Conferencia Episcopal Paraguaya, reafirm\u00f3 la posici\u00f3n de la Iglesia cat\u00f3lica, que est\u00e1 en contra del aborto y defiende la vida desde la concepci\u00f3n.<\/p>\n<p>Cit\u00f3 el \u00faltimo comunicado de los obispos en el que dec\u00eda: \u00abreafirmamos que al ser humano desde el primer momento de su existencia se le debe reconocer sus derechos de persona, entre los cuales est\u00e1 el derecho inviolable a la vida\u00bb.<\/p>\n<p>&nbsp;<\/p>\n","protected":false},"excerpt":{"rendered":"<p>ASUNCION, Paraguay \u2014 Una ni\u00f1a paraguaya de 11 a\u00f1os que qued\u00f3 embarazada tras ser presuntamente violada por su padrastro dio a luz el jueves por ces\u00e1rea. La abogada Elizabeth Torales, defensora de la madre de la ni\u00f1a, dijo a periodistas que el nacimiento tuvo lugar en el hospital de la Cruz Roja, de Asunci\u00f3n, en [&hellip;]<\/p>\n","protected":false},"author":8,"featured_media":20384,"comment_status":"open","ping_status":"open","sticky":false,"template":"","format":"standard","meta":{"footnotes":""},"categories":[40,45],"tags":[],"class_list":["post-20383","post","type-post","status-publish","format-standard","has-post-thumbnail","hentry","category-internacionales","category-salud"],"_links":{"self":[{"href":"https:\/\/2horizontes.com\/index.php?rest_route=\/wp\/v2\/posts\/20383","targetHints":{"allow":["GET"]}}],"collection":[{"href":"https:\/\/2horizontes.com\/index.php?rest_route=\/wp\/v2\/posts"}],"about":[{"href":"https:\/\/2horizontes.com\/index.php?rest_route=\/wp\/v2\/types\/post"}],"author":[{"embeddable":true,"href":"https:\/\/2horizontes.com\/index.php?rest_route=\/wp\/v2\/users\/8"}],"replies":[{"embeddable":true,"href":"https:\/\/2horizontes.com\/index.php?rest_route=%2Fwp%2Fv2%2Fcomments&post=20383"}],"version-history":[{"count":1,"href":"https:\/\/2horizontes.com\/index.php?rest_route=\/wp\/v2\/posts\/20383\/revisions"}],"predecessor-version":[{"id":20385,"href":"https:\/\/2horizontes.com\/index.php?rest_route=\/wp\/v2\/posts\/20383\/revisions\/20385"}],"wp:featuredmedia":[{"embeddable":true,"href":"https:\/\/2horizontes.com\/index.php?rest_route=\/wp\/v2\/media\/20384"}],"wp:attachment":[{"href":"https:\/\/2horizontes.com\/index.php?rest_route=%2Fwp%2Fv2%2Fmedia&parent=20383"}],"wp:term":[{"taxonomy":"category","embeddable":true,"href":"https:\/\/2horizontes.com\/index.php?rest_route=%2Fwp%2Fv2%2Fcategories&post=20383"},{"taxonomy":"post_tag","embeddable":true,"href":"https:\/\/2horizontes.com\/index.php?rest_route=%2Fwp%2Fv2%2Ftags&post=20383"}],"curies":[{"name":"wp","href":"https:\/\/api.w.org\/{rel}","templated":true}]}}