{"id":20348,"date":"2015-08-14T10:57:33","date_gmt":"2015-08-14T09:57:33","guid":{"rendered":"http:\/\/2horizontes.com\/?p=20348"},"modified":"2015-08-14T10:57:33","modified_gmt":"2015-08-14T09:57:33","slug":"alba-establece-comision-de-cancilleres-para-que-visiten-paises-en-crisis-politica","status":"publish","type":"post","link":"https:\/\/2horizontes.com\/?p=20348","title":{"rendered":"ALBA establece comisi\u00f3n de cancilleres para que visiten pa\u00edses en crisis pol\u00edtica"},"content":{"rendered":"<p><strong>Agencias<\/strong><\/p>\n<p><strong>Am\u00e9rica Latina<\/strong><\/p>\n<p><span class=\"firstLetter\">C<\/span>on una reuni\u00f3n extraordinaria, la <strong>Alianza Bolivariana para los Pueblos de Nuestra Am\u00e9rica (ALBA)<\/strong> se puso como meta hacer frente ante supuestas amenazas de <strong>\u00abgolpes suaves\u00bb<\/strong> contra los gobiernos de la regi\u00f3n y sus \u00abrevoluciones\u00bb, esta vez con el ojo puesto en Ecuador y El Salvador.<\/p>\n<p>Con el previsible apoyo a los gobiernos del ecuatoriano Rafael Correa y el salvadore\u00f1o Salvador S\u00e1nchez Cer\u00e9n, el mecanismo, ideado por Fidel Castro y el fallecido Hugo Ch\u00e1vez, cre\u00f3 hoy en Caracas un<strong> plan de acci\u00f3n<\/strong> contra lo que califican de \u00abgolpes suaves\u00bb que seg\u00fan la canciller venezolana Delcy Rodr\u00edguez, \u00abpretenden derrocar gobiernos leg\u00edtimos y constitucionales que cuentan con el aval de sus pueblos pero que no cuentan con el aval de los centros imperialistas\u00bb.<\/p>\n<p>\u00abNo podemos quedarnos solamente en las palabras cuando vemos que en nuestros pa\u00edses se est\u00e1 intentando frustrar el proceso de independencia y de soberan\u00eda de nuestros pueblos\u00bb, a\u00f1adi\u00f3 la ministra de Exteriores.<\/p>\n<p>\u00abEn el plan de acci\u00f3n de los pa\u00edses del ALBA hemos conformado comisiones de acompa\u00f1amiento de cancilleres que visitar\u00e1n, previa coordinaci\u00f3n como los pa\u00edses respectivos, tanto a Ecuador como a El Salvador\u00bb, dijo.<\/p>\n<p>Esta comisi\u00f3n, en el caso de Ecuador, estar\u00e1 conformada por los cancilleres de Bolivia, San Crist\u00f3bal y Nieves, Antigua y Barbuda, Santa Luc\u00eda, San Vicente y las Granadinas, Granada y Venezuela.<\/p>\n<p>Mientras que en El Salvador la comisi\u00f3n estar\u00e1 integrada por \u00ablos de Nicaragua, San Crist\u00f3bal y Nieves, Santa Luc\u00eda, Dominica y Ecuador\u00bb.<\/p>\n<p>El presidente de Venezuela, Nicol\u00e1s Maduro, que llam\u00f3 a estos supuestos ataques \u00abel plan buitre\u00bb, afirma que buscan destruir los procesos de los gobiernos latinoamericanos \u00abdesde adentro\u00bb<\/p>\n<p>\u00abEl Comando Sur personalmente ha colocado funcionarios claves en la embajada de EEUU en Venezuela a dirigir el Plan Buitre de sabotaje a la econom\u00eda, de violencia (&#8230;) En los pr\u00f3ximos d\u00edas se va a instalar una comisi\u00f3n especial con el Gobierno de EEUU y les presentaremos las pruebas\u00bb, dijo Maduro.<\/p>\n<p>El presidente venezolano apunt\u00f3 a la tesis de que la subida del nivel de crispaci\u00f3n social y pol\u00edtico de pa\u00edses como Ecuador o El Salvador, podr\u00edan formar parte del mismo plan.<\/p>\n<p>Asimismo, el consejo ha acordado movilizaciones el 13 de agosto en apoyo al presidente Rafael Correa en Ecuador y en las embajadas ecuatorianas en los pa\u00edses de la Alianza.<\/p>\n<p>La ALBA est\u00e1 integrada por Antigua y Barbuda, Bolivia, Cuba,<br \/>\nDominica, Ecuador, Granada, Nicaragua, Santa Luc\u00eda, San Vicente y<br \/>\nlas Granadinas y Venezuela.<\/p>\n","protected":false},"excerpt":{"rendered":"<p>Agencias Am\u00e9rica Latina Con una reuni\u00f3n extraordinaria, la Alianza Bolivariana para los Pueblos de Nuestra Am\u00e9rica (ALBA) se puso como meta hacer frente ante supuestas amenazas de \u00abgolpes suaves\u00bb contra los gobiernos de la regi\u00f3n y sus \u00abrevoluciones\u00bb, esta vez con el ojo puesto en Ecuador y El Salvador. Con el previsible apoyo a los [&hellip;]<\/p>\n","protected":false},"author":7,"featured_media":20349,"comment_status":"open","ping_status":"open","sticky":false,"template":"","format":"standard","meta":{"footnotes":""},"categories":[40,43],"tags":[],"class_list":["post-20348","post","type-post","status-publish","format-standard","has-post-thumbnail","hentry","category-internacionales","category-politica"],"_links":{"self":[{"href":"https:\/\/2horizontes.com\/index.php?rest_route=\/wp\/v2\/posts\/20348","targetHints":{"allow":["GET"]}}],"collection":[{"href":"https:\/\/2horizontes.com\/index.php?rest_route=\/wp\/v2\/posts"}],"about":[{"href":"https:\/\/2horizontes.com\/index.php?rest_route=\/wp\/v2\/types\/post"}],"author":[{"embeddable":true,"href":"https:\/\/2horizontes.com\/index.php?rest_route=\/wp\/v2\/users\/7"}],"replies":[{"embeddable":true,"href":"https:\/\/2horizontes.com\/index.php?rest_route=%2Fwp%2Fv2%2Fcomments&post=20348"}],"version-history":[{"count":1,"href":"https:\/\/2horizontes.com\/index.php?rest_route=\/wp\/v2\/posts\/20348\/revisions"}],"predecessor-version":[{"id":20350,"href":"https:\/\/2horizontes.com\/index.php?rest_route=\/wp\/v2\/posts\/20348\/revisions\/20350"}],"wp:featuredmedia":[{"embeddable":true,"href":"https:\/\/2horizontes.com\/index.php?rest_route=\/wp\/v2\/media\/20349"}],"wp:attachment":[{"href":"https:\/\/2horizontes.com\/index.php?rest_route=%2Fwp%2Fv2%2Fmedia&parent=20348"}],"wp:term":[{"taxonomy":"category","embeddable":true,"href":"https:\/\/2horizontes.com\/index.php?rest_route=%2Fwp%2Fv2%2Fcategories&post=20348"},{"taxonomy":"post_tag","embeddable":true,"href":"https:\/\/2horizontes.com\/index.php?rest_route=%2Fwp%2Fv2%2Ftags&post=20348"}],"curies":[{"name":"wp","href":"https:\/\/api.w.org\/{rel}","templated":true}]}}