{"id":20345,"date":"2015-08-14T10:51:01","date_gmt":"2015-08-14T09:51:01","guid":{"rendered":"http:\/\/2horizontes.com\/?p=20345"},"modified":"2015-08-14T10:51:01","modified_gmt":"2015-08-14T09:51:01","slug":"liberado-deivis-oliveros-preso-politico-en-venezuela","status":"publish","type":"post","link":"https:\/\/2horizontes.com\/?p=20345","title":{"rendered":"Liberado Deivis Oliveros, &#8216;preso pol\u00edtico&#8217; en Venezuela"},"content":{"rendered":"<p><strong>EFE<\/strong><\/p>\n<p><strong>Venezuela<\/strong><\/p>\n<p>El venezolano <strong>Deivis Oliveros<\/strong>, preso desde septiembre de 2014 acusado por instigaci\u00f3n p\u00fablica y agavillamiento (asociaci\u00f3n para delinquir) y considerado por la oposici\u00f3n como un \u00abpreso pol\u00edtico\u00bb, sali\u00f3 este jueves en libertad <strong>bajo r\u00e9gimen de presentaci\u00f3n peri\u00f3dica<\/strong>, inform\u00f3 su defensa.<\/p>\n<p><strong>Jose Vicente Haro<\/strong>, abogado de Oliveros, indic\u00f3 en conversaci\u00f3n con Efe que esta medida tomada por el tribunal que lleva el caso se debi\u00f3 \u00abal retardo procesal (&#8230;) imputable a los anteriores tribunales que estaban conociendo su caso\u00bb.<\/p>\n<p>Se\u00f1al\u00f3 que su defendido sali\u00f3 en libertad en la madrugada de este jueves y que adem\u00e1s del r\u00e9gimen de presentaci\u00f3n, del que todav\u00eda desconocen la periodicidad -aunque dijo que \u00abseguramente ser\u00e1 cada 15 d\u00edas\u00bb- contra Oliveros <strong>pesa la prohibici\u00f3n de salida de pa\u00eds.<\/strong><\/p>\n<div class=\"sumario col-2b izquierda\">\n<blockquote><p>Adem\u00e1s del r\u00e9gimen de presentaci\u00f3n, del que todav\u00eda desconocen la periodicidad , pesa la prohibici\u00f3n de salida de pa\u00eds<\/p><\/blockquote>\n<\/div>\n<p>El letrado defendi\u00f3 que desde su despacho han estado solicitando este tipo de <strong>medida sustitutiva de libertad \u00abinsistentemente\u00bb <\/strong>desde febrero y record\u00f3 que el pr\u00f3ximo 18 de julio est\u00e1 previsto la apertura del juicio formal, oral y p\u00fablico, de Oliveros.<\/p>\n<p>Inform\u00f3 de que ya se ha podido reunir con su representado, al que dijo h<strong>aber encontrado \u00abbastante aliviado\u00bb<\/strong> ya que \u00absufri\u00f3 bastante durante su detenci\u00f3n\u00bb en la sede en Caracas del Servicio Bolivariano de Inteligencia (Sebin).<\/p>\n<p><strong>Olivares<\/strong> fue detenido en septiembre del a\u00f1o pasado en relaci\u00f3n, seg\u00fan su abogado, con las <strong>protestas antigubernamentales que vivi\u00f3 Venezuela<\/strong> en el primer semestre de 2014 y que tuvieron una serie de coletazos hasta varios meses despu\u00e9s.<\/p>\n<p>Estas manifestaciones dejaron un s<strong>aldo oficial de 43 muertos <\/strong>y centenares de heridos y detenidos entre oficialistas, opositores y personas sin adscripci\u00f3n pol\u00edtica aparente.<\/p>\n","protected":false},"excerpt":{"rendered":"<p>EFE Venezuela El venezolano Deivis Oliveros, preso desde septiembre de 2014 acusado por instigaci\u00f3n p\u00fablica y agavillamiento (asociaci\u00f3n para delinquir) y considerado por la oposici\u00f3n como un \u00abpreso pol\u00edtico\u00bb, sali\u00f3 este jueves en libertad bajo r\u00e9gimen de presentaci\u00f3n peri\u00f3dica, inform\u00f3 su defensa. Jose Vicente Haro, abogado de Oliveros, indic\u00f3 en conversaci\u00f3n con Efe que esta [&hellip;]<\/p>\n","protected":false},"author":7,"featured_media":20346,"comment_status":"open","ping_status":"open","sticky":false,"template":"","format":"standard","meta":{"footnotes":""},"categories":[40,43,48],"tags":[],"class_list":["post-20345","post","type-post","status-publish","format-standard","has-post-thumbnail","hentry","category-internacionales","category-politica","category-venezuela"],"_links":{"self":[{"href":"https:\/\/2horizontes.com\/index.php?rest_route=\/wp\/v2\/posts\/20345","targetHints":{"allow":["GET"]}}],"collection":[{"href":"https:\/\/2horizontes.com\/index.php?rest_route=\/wp\/v2\/posts"}],"about":[{"href":"https:\/\/2horizontes.com\/index.php?rest_route=\/wp\/v2\/types\/post"}],"author":[{"embeddable":true,"href":"https:\/\/2horizontes.com\/index.php?rest_route=\/wp\/v2\/users\/7"}],"replies":[{"embeddable":true,"href":"https:\/\/2horizontes.com\/index.php?rest_route=%2Fwp%2Fv2%2Fcomments&post=20345"}],"version-history":[{"count":1,"href":"https:\/\/2horizontes.com\/index.php?rest_route=\/wp\/v2\/posts\/20345\/revisions"}],"predecessor-version":[{"id":20347,"href":"https:\/\/2horizontes.com\/index.php?rest_route=\/wp\/v2\/posts\/20345\/revisions\/20347"}],"wp:featuredmedia":[{"embeddable":true,"href":"https:\/\/2horizontes.com\/index.php?rest_route=\/wp\/v2\/media\/20346"}],"wp:attachment":[{"href":"https:\/\/2horizontes.com\/index.php?rest_route=%2Fwp%2Fv2%2Fmedia&parent=20345"}],"wp:term":[{"taxonomy":"category","embeddable":true,"href":"https:\/\/2horizontes.com\/index.php?rest_route=%2Fwp%2Fv2%2Fcategories&post=20345"},{"taxonomy":"post_tag","embeddable":true,"href":"https:\/\/2horizontes.com\/index.php?rest_route=%2Fwp%2Fv2%2Ftags&post=20345"}],"curies":[{"name":"wp","href":"https:\/\/api.w.org\/{rel}","templated":true}]}}