{"id":20292,"date":"2015-08-14T02:40:10","date_gmt":"2015-08-14T01:40:10","guid":{"rendered":"http:\/\/2horizontes.com\/?p=20292"},"modified":"2015-08-14T02:40:10","modified_gmt":"2015-08-14T01:40:10","slug":"indrhi-garantiza-que-la-poblacion-no-se-quedara-sin-agua-potable","status":"publish","type":"post","link":"https:\/\/2horizontes.com\/?p=20292","title":{"rendered":"INDRHI garantiza que la poblaci\u00f3n no se quedar\u00e1 sin agua potable"},"content":{"rendered":"<p>RD- SANTO DOMINGO-El director ejecutivo del Instituto Nacional de Recursos Hidr\u00e1ulicos (INDRHI), Olgo Fern\u00e1ndez, dijo que la presa de Hatillo es la \u00fanica que est\u00e1 operando con normalidad, y\u00a0 que aunque los niveles de los dem\u00e1s embalses est\u00e1n por debajo de lo normal, por la sequ\u00eda, la poblaci\u00f3n no quedar\u00e1 desabastecida.<\/p>\n<p>Dijo que el Gobierno ha garantizado agua para el consumo humano y hasta la fecha siguen racionaliz\u00e1ndola para riego y generaci\u00f3n de energ\u00eda. Explic\u00f3 que el l\u00edquido se sigue preservando para el suministro de los acueductos y las\u00a0 instituciones.<\/p>\n<p>\u201cLa poblaci\u00f3n puede estar tranquila, no es cierto que nos quedaremos sin agua, garantizamos que no va haber un desabastecimiento en agua potable. Espero que Dios mande lluvia para fortalecer los embalses. Estamos manejando la crisis\u201d.<\/p>\n<p>Se\u00f1al\u00f3 que la agricultura puede esperar, que respetando los protocolos de la instituci\u00f3n, el consumo de agua para el ser humano es primero, luego agricultura y generaci\u00f3n.<\/p>\n<p>Las declaraciones fueron ofrecidas durante el desarrollo de la misa en acci\u00f3n de gracias por el noveno aniversario de la Direcci\u00f3n General de Contrataciones P\u00fablicas realizada en la parroquia San Antonio de Padua.<\/p>\n","protected":false},"excerpt":{"rendered":"<p>RD- SANTO DOMINGO-El director ejecutivo del Instituto Nacional de Recursos Hidr\u00e1ulicos (INDRHI), Olgo Fern\u00e1ndez, dijo que la presa de Hatillo es la \u00fanica que est\u00e1 operando con normalidad, y\u00a0 que aunque los niveles de los dem\u00e1s embalses est\u00e1n por debajo de lo normal, por la sequ\u00eda, la poblaci\u00f3n no quedar\u00e1 desabastecida. Dijo que el Gobierno [&hellip;]<\/p>\n","protected":false},"author":8,"featured_media":20293,"comment_status":"open","ping_status":"open","sticky":false,"template":"","format":"standard","meta":{"footnotes":""},"categories":[44],"tags":[],"class_list":["post-20292","post","type-post","status-publish","format-standard","has-post-thumbnail","hentry","category-republica-dominicana"],"_links":{"self":[{"href":"https:\/\/2horizontes.com\/index.php?rest_route=\/wp\/v2\/posts\/20292","targetHints":{"allow":["GET"]}}],"collection":[{"href":"https:\/\/2horizontes.com\/index.php?rest_route=\/wp\/v2\/posts"}],"about":[{"href":"https:\/\/2horizontes.com\/index.php?rest_route=\/wp\/v2\/types\/post"}],"author":[{"embeddable":true,"href":"https:\/\/2horizontes.com\/index.php?rest_route=\/wp\/v2\/users\/8"}],"replies":[{"embeddable":true,"href":"https:\/\/2horizontes.com\/index.php?rest_route=%2Fwp%2Fv2%2Fcomments&post=20292"}],"version-history":[{"count":1,"href":"https:\/\/2horizontes.com\/index.php?rest_route=\/wp\/v2\/posts\/20292\/revisions"}],"predecessor-version":[{"id":20294,"href":"https:\/\/2horizontes.com\/index.php?rest_route=\/wp\/v2\/posts\/20292\/revisions\/20294"}],"wp:featuredmedia":[{"embeddable":true,"href":"https:\/\/2horizontes.com\/index.php?rest_route=\/wp\/v2\/media\/20293"}],"wp:attachment":[{"href":"https:\/\/2horizontes.com\/index.php?rest_route=%2Fwp%2Fv2%2Fmedia&parent=20292"}],"wp:term":[{"taxonomy":"category","embeddable":true,"href":"https:\/\/2horizontes.com\/index.php?rest_route=%2Fwp%2Fv2%2Fcategories&post=20292"},{"taxonomy":"post_tag","embeddable":true,"href":"https:\/\/2horizontes.com\/index.php?rest_route=%2Fwp%2Fv2%2Ftags&post=20292"}],"curies":[{"name":"wp","href":"https:\/\/api.w.org\/{rel}","templated":true}]}}