{"id":2029,"date":"2014-09-17T12:47:05","date_gmt":"2014-09-17T12:47:05","guid":{"rendered":"http:\/\/2horizontes.com\/?p=2029"},"modified":"2014-09-17T12:47:05","modified_gmt":"2014-09-17T12:47:05","slug":"haiti-interfiere-las-comunicaciones-en-varias-provincias-rd","status":"publish","type":"post","link":"https:\/\/2horizontes.com\/?p=2029","title":{"rendered":"Hait\u00ed interfiere las comunicaciones en varias provincias RD"},"content":{"rendered":"<p><a href=\"http:\/\/2horizontes.com\/wp-content\/uploads\/2014\/09\/tt.jpg\"><img loading=\"lazy\" decoding=\"async\" src=\"http:\/\/2horizontes.com\/wp-content\/uploads\/2014\/09\/tt.jpg\" alt=\"tt\" width=\"260\" height=\"194\" class=\"alignleft size-full wp-image-2030\" \/><\/a><br \/>\nANTO DOMINGO, 16 de septiembre.- Ejecutivos de las empresas Claro, Viva, Tricom y Orange denunciaron este martes que las comunicaciones telef\u00f3nicas de cinco provincias fronterizas de la Rep\u00fablica Dominicana son interferidas por compa\u00f1\u00edas haitianas.<br \/>\nLas interferencias ocurren principalmente en El\u00edas Pi\u00f1a, Jiman\u00ed, Pedernales, Dajab\u00f3n y Montecristi, seg\u00fan Eduardo Valc\u00e1cer, vicepresidente de Orange y vocero de las telef\u00f3nicas dominicanas.<br \/>\nEn una reuni\u00f3n con los miembros de la Comisi\u00f3n Permanente de Transporte y Telecomunicaciones del Senado, que estudia la viabilidad de un proyecto de resoluci\u00f3n que propone investigar esa problem\u00e1tica, explic\u00f3 que \u00e9sta se produce debido al mal calibramiento o mala gesti\u00f3n del espectro de algunas empresas de Hait\u00ed.<br \/>\n\u201cEso se ha agravado desde el terremoto (2010). Previo a esa fecha se hab\u00edan hecho gestiones a trav\u00e9s del regulador y el equipo t\u00e9cnico en el cual se hab\u00eda logrado un equilibrio con los reguladores y las prestadoras\u201d, declar\u00f3 Valc\u00e1lcer.<br \/>\nEn el encuentro participaron ejecutivos de las diferentes empresas telef\u00f3nicas de la Rep\u00fablica Dominicana.<br \/>\nDijo que \u00abhoy, el Senado nos brinda una muy buena oportunidad de volver a poner en orden todo el espectro en la fronteriza, lo que beneficiar\u00e1 a nuestros clientes y, obviamente, a los que residen en territorio haitiano\u00bb.<br \/>\n\u00abEso resolver\u00eda las numerosas quejas que reciben las empresas telef\u00f3nicas mensualmente, las cuales impactan la parte econ\u00f3mica y del servicio\u00bb, expres\u00f3.<br \/>\nHait\u00ed y la Rep\u00fablica Dominicana comparten una isla de 76,261 km\u00b2, la segunda m\u00e1s grande de las Antillas Mayores, despu\u00e9s de Cuba.<br \/>\nLa Rep\u00fablica Dominicana se encuentra en la parte oriental de la isla, con un \u00e1rea de 48,670.82 km\u00b2, que incluye las islas Saona, Beata, Alto Velo y Catalina, mientras que Hait\u00ed tiene un \u00e1rea de 29, 243.18 km\u00b2, sumando las islas de Gonave, Vaca, Cayemite y Tortuga.<br \/>\n  sp-am<\/p>\n","protected":false},"excerpt":{"rendered":"<p>ANTO DOMINGO, 16 de septiembre.- Ejecutivos de las empresas Claro, Viva, Tricom y Orange denunciaron este martes que las comunicaciones telef\u00f3nicas de cinco provincias fronterizas de la Rep\u00fablica Dominicana son interferidas por compa\u00f1\u00edas haitianas. Las interferencias ocurren principalmente en El\u00edas Pi\u00f1a, Jiman\u00ed, Pedernales, Dajab\u00f3n y Montecristi, seg\u00fan Eduardo Valc\u00e1cer, vicepresidente de Orange y vocero de [&hellip;]<\/p>\n","protected":false},"author":1,"featured_media":0,"comment_status":"open","ping_status":"open","sticky":false,"template":"","format":"standard","meta":{"footnotes":""},"categories":[1],"tags":[],"class_list":["post-2029","post","type-post","status-publish","format-standard","hentry","category-entretenimiento"],"_links":{"self":[{"href":"https:\/\/2horizontes.com\/index.php?rest_route=\/wp\/v2\/posts\/2029","targetHints":{"allow":["GET"]}}],"collection":[{"href":"https:\/\/2horizontes.com\/index.php?rest_route=\/wp\/v2\/posts"}],"about":[{"href":"https:\/\/2horizontes.com\/index.php?rest_route=\/wp\/v2\/types\/post"}],"author":[{"embeddable":true,"href":"https:\/\/2horizontes.com\/index.php?rest_route=\/wp\/v2\/users\/1"}],"replies":[{"embeddable":true,"href":"https:\/\/2horizontes.com\/index.php?rest_route=%2Fwp%2Fv2%2Fcomments&post=2029"}],"version-history":[{"count":1,"href":"https:\/\/2horizontes.com\/index.php?rest_route=\/wp\/v2\/posts\/2029\/revisions"}],"predecessor-version":[{"id":2031,"href":"https:\/\/2horizontes.com\/index.php?rest_route=\/wp\/v2\/posts\/2029\/revisions\/2031"}],"wp:attachment":[{"href":"https:\/\/2horizontes.com\/index.php?rest_route=%2Fwp%2Fv2%2Fmedia&parent=2029"}],"wp:term":[{"taxonomy":"category","embeddable":true,"href":"https:\/\/2horizontes.com\/index.php?rest_route=%2Fwp%2Fv2%2Fcategories&post=2029"},{"taxonomy":"post_tag","embeddable":true,"href":"https:\/\/2horizontes.com\/index.php?rest_route=%2Fwp%2Fv2%2Ftags&post=2029"}],"curies":[{"name":"wp","href":"https:\/\/api.w.org\/{rel}","templated":true}]}}