{"id":20283,"date":"2015-08-14T02:17:56","date_gmt":"2015-08-14T01:17:56","guid":{"rendered":"http:\/\/2horizontes.com\/?p=20283"},"modified":"2015-08-14T02:17:56","modified_gmt":"2015-08-14T01:17:56","slug":"fueron-militares-los-que-secuestraron-hombre-de-su-casa-en-santiago","status":"publish","type":"post","link":"https:\/\/2horizontes.com\/?p=20283","title":{"rendered":"Fueron militares los que secuestraron hombre de su casa en Santiago"},"content":{"rendered":"<article class=\"contenidoArticulo\">\n<div class=\"cuerpoNoticia\">\n<p><strong>RD-Santiago.-<\/strong>El <a href=\"http:\/\/www.elcaribe.com.do\/2015\/08\/13\/desconocidos-secuestran-hombre-casa-residencial-santiago\" target=\"_blank\">rapto de un hombre<\/a> en el residencial El Para\u00edso, del sector Gurabo en esta ciudad, se trat\u00f3 de una acci\u00f3n cometida por militares que supuestamente hab\u00edan sido timados por el individuo.<\/p>\n<p>Ronald Alberto Alc\u00e1ntara, residente en la calle Principal del referido residencial de clase media, fue sacado a la fuerza de su casa posteriormente llevado al cuartel de Maril\u00f3pez en la zona sur.<\/p>\n<p>Hasta el momento, no se ha establecido de que se le acusa a Alc\u00e1ntara.<\/p>\n<p>En la ma\u00f1ana del jueves parientes de Alc\u00e1ntara se presentaron en la Fiscal\u00eda a poner la denuncia del presunto rapto. Sin embargo, en horas de la tarde, el hombre hab\u00eda aparecido sano y salvo.<\/p>\n<\/div>\n<\/article>\n<p>&nbsp;<\/p>\n","protected":false},"excerpt":{"rendered":"<p>RD-Santiago.-El rapto de un hombre en el residencial El Para\u00edso, del sector Gurabo en esta ciudad, se trat\u00f3 de una acci\u00f3n cometida por militares que supuestamente hab\u00edan sido timados por el individuo. Ronald Alberto Alc\u00e1ntara, residente en la calle Principal del referido residencial de clase media, fue sacado a la fuerza de su casa posteriormente [&hellip;]<\/p>\n","protected":false},"author":8,"featured_media":20284,"comment_status":"open","ping_status":"open","sticky":false,"template":"","format":"standard","meta":{"footnotes":""},"categories":[53,44],"tags":[],"class_list":["post-20283","post","type-post","status-publish","format-standard","has-post-thumbnail","hentry","category-provincias","category-republica-dominicana"],"_links":{"self":[{"href":"https:\/\/2horizontes.com\/index.php?rest_route=\/wp\/v2\/posts\/20283","targetHints":{"allow":["GET"]}}],"collection":[{"href":"https:\/\/2horizontes.com\/index.php?rest_route=\/wp\/v2\/posts"}],"about":[{"href":"https:\/\/2horizontes.com\/index.php?rest_route=\/wp\/v2\/types\/post"}],"author":[{"embeddable":true,"href":"https:\/\/2horizontes.com\/index.php?rest_route=\/wp\/v2\/users\/8"}],"replies":[{"embeddable":true,"href":"https:\/\/2horizontes.com\/index.php?rest_route=%2Fwp%2Fv2%2Fcomments&post=20283"}],"version-history":[{"count":1,"href":"https:\/\/2horizontes.com\/index.php?rest_route=\/wp\/v2\/posts\/20283\/revisions"}],"predecessor-version":[{"id":20285,"href":"https:\/\/2horizontes.com\/index.php?rest_route=\/wp\/v2\/posts\/20283\/revisions\/20285"}],"wp:featuredmedia":[{"embeddable":true,"href":"https:\/\/2horizontes.com\/index.php?rest_route=\/wp\/v2\/media\/20284"}],"wp:attachment":[{"href":"https:\/\/2horizontes.com\/index.php?rest_route=%2Fwp%2Fv2%2Fmedia&parent=20283"}],"wp:term":[{"taxonomy":"category","embeddable":true,"href":"https:\/\/2horizontes.com\/index.php?rest_route=%2Fwp%2Fv2%2Fcategories&post=20283"},{"taxonomy":"post_tag","embeddable":true,"href":"https:\/\/2horizontes.com\/index.php?rest_route=%2Fwp%2Fv2%2Ftags&post=20283"}],"curies":[{"name":"wp","href":"https:\/\/api.w.org\/{rel}","templated":true}]}}