{"id":20280,"date":"2015-08-14T02:05:27","date_gmt":"2015-08-14T01:05:27","guid":{"rendered":"http:\/\/2horizontes.com\/?p=20280"},"modified":"2015-08-14T02:09:19","modified_gmt":"2015-08-14T01:09:19","slug":"hipolito-danilo-no-merece-cuatro-anos-mas-porque-no-ha-trancado-ladrones","status":"publish","type":"post","link":"https:\/\/2horizontes.com\/?p=20280","title":{"rendered":"Hip\u00f3lito: \u201cDanilo no merece cuatro a\u00f1os m\u00e1s porque no ha trancado ladrones\u201d"},"content":{"rendered":"<p>RD- SANTO DOMINGO-El ex presidente Hip\u00f3lito Mej\u00eda declar\u00f3 esta ma\u00f1ana que el presidente Danilo Medina no merece el respaldo del pueblo por un nuevo periodo \u201cporque todav\u00eda no ha trancado ni un solo ladr\u00f3n\u201d.<\/p>\n<p>\u201cYo no lo avalo eso, porque yo quisiera que tranque 10 ladrones y no ha trancado a ninguno todav\u00eda\u201d, declar\u00f3 Mej\u00eda cuestionado sobre si a su entender la obra de gobierno que ha desarrollado el presidente Medina le dan aval ante la poblaci\u00f3n para un nuevo periodo gubernamental.<\/p>\n<p>Igualmente, dijo que ser\u00e1 el Partido Revolucionario Moderno (PRM) el que ofrecer\u00e1 una evaluaci\u00f3n sobre los tres a\u00f1os de gesti\u00f3n que cumplir\u00e1 el pr\u00f3ximo 16 de agosto el presidente Medina. \u00a0\u201cAqu\u00ed se est\u00e1 premiando el robo y la corrupci\u00f3n, lamentablemente Danilo ha premiado el robo y la corrupci\u00f3n, s\u00ed lo ha premiado\u201d, dijo.<\/p>\n<p>Mej\u00eda habl\u00f3 al encabezar un acto de premiaci\u00f3n a los ganadores del concurso \u201cEl pa\u00eds que queremos\u201d, que tuvo lugar en el Instituto Jos\u00e9 Francisco Pe\u00f1a G\u00f3mez.<\/p>\n<p>&nbsp;<\/p>\n","protected":false},"excerpt":{"rendered":"<p>RD- SANTO DOMINGO-El ex presidente Hip\u00f3lito Mej\u00eda declar\u00f3 esta ma\u00f1ana que el presidente Danilo Medina no merece el respaldo del pueblo por un nuevo periodo \u201cporque todav\u00eda no ha trancado ni un solo ladr\u00f3n\u201d. \u201cYo no lo avalo eso, porque yo quisiera que tranque 10 ladrones y no ha trancado a ninguno todav\u00eda\u201d, declar\u00f3 Mej\u00eda [&hellip;]<\/p>\n","protected":false},"author":8,"featured_media":20281,"comment_status":"open","ping_status":"open","sticky":false,"template":"","format":"standard","meta":{"footnotes":""},"categories":[43,44],"tags":[],"class_list":["post-20280","post","type-post","status-publish","format-standard","has-post-thumbnail","hentry","category-politica","category-republica-dominicana"],"_links":{"self":[{"href":"https:\/\/2horizontes.com\/index.php?rest_route=\/wp\/v2\/posts\/20280","targetHints":{"allow":["GET"]}}],"collection":[{"href":"https:\/\/2horizontes.com\/index.php?rest_route=\/wp\/v2\/posts"}],"about":[{"href":"https:\/\/2horizontes.com\/index.php?rest_route=\/wp\/v2\/types\/post"}],"author":[{"embeddable":true,"href":"https:\/\/2horizontes.com\/index.php?rest_route=\/wp\/v2\/users\/8"}],"replies":[{"embeddable":true,"href":"https:\/\/2horizontes.com\/index.php?rest_route=%2Fwp%2Fv2%2Fcomments&post=20280"}],"version-history":[{"count":1,"href":"https:\/\/2horizontes.com\/index.php?rest_route=\/wp\/v2\/posts\/20280\/revisions"}],"predecessor-version":[{"id":20282,"href":"https:\/\/2horizontes.com\/index.php?rest_route=\/wp\/v2\/posts\/20280\/revisions\/20282"}],"wp:featuredmedia":[{"embeddable":true,"href":"https:\/\/2horizontes.com\/index.php?rest_route=\/wp\/v2\/media\/20281"}],"wp:attachment":[{"href":"https:\/\/2horizontes.com\/index.php?rest_route=%2Fwp%2Fv2%2Fmedia&parent=20280"}],"wp:term":[{"taxonomy":"category","embeddable":true,"href":"https:\/\/2horizontes.com\/index.php?rest_route=%2Fwp%2Fv2%2Fcategories&post=20280"},{"taxonomy":"post_tag","embeddable":true,"href":"https:\/\/2horizontes.com\/index.php?rest_route=%2Fwp%2Fv2%2Ftags&post=20280"}],"curies":[{"name":"wp","href":"https:\/\/api.w.org\/{rel}","templated":true}]}}