{"id":20217,"date":"2015-08-13T12:53:23","date_gmt":"2015-08-13T11:53:23","guid":{"rendered":"http:\/\/2horizontes.com\/?p=20217"},"modified":"2015-08-13T12:53:23","modified_gmt":"2015-08-13T11:53:23","slug":"un-obispo-suizo-hace-uso-de-un-pasaje-de-la-biblia-para-atacar-a-los-gay","status":"publish","type":"post","link":"https:\/\/2horizontes.com\/?p=20217","title":{"rendered":"Un obispo suizo hace uso de un pasaje de la Biblia para atacar a los gay"},"content":{"rendered":"<p>Una vez m\u00e1s tenemos que hablar de un obispo que arremete contra los homosexuales de una forma ligera y desmesurada. En esta ocasi\u00f3n tenemos a Vitus Huonder, una autoriadad eclesi\u00e1stica de la ciudad suiza de Chur que asegura que las personas gay merecen la muerte porque as\u00ed lo quiere la conciencia de Dios.<\/p>\n<p>La condena de la homosexualidad en el libro del Lev\u00edtico ha sido el ejemplo que ha puesto este obispo para atacar a los gay quienes no tienen cabida en el mundo seg\u00fan sus condiciones. En el encuentro de \u00abLa Alegr\u00eda de Crecer\u00bb \u00e9ste hombre comenz\u00f3 a despotricar de las personas LGTB y una vez ten\u00edamos con nosotros un nombre de la iglesia que lo estaba haciendo.<\/p>\n<p>\u00abAmbos pasajes deber\u00edan bastar por s\u00ed solos para encarrilar correctamente la cuesti\u00f3n de la homosexualidad desde el punto de vista de la fe. No existe la variedad de modelos y familia, solo hablar de ello es ya un ataque al Creador\u00bb han sido algunas de las palabras que ha citado el obispo.<\/p>\n<p>Las reacciones por parte del Colectivo LGTB no se han hecho esperar y en concreto la organizaci\u00f3n suiza Pink Cross ha asegurado que se siente muy escandalizada y abrumada por lo que ha ocurrido por lo que no ha dudado en poner una denuncia para que se establezcan los derechos tal y como debe ser.<\/p>\n<p>Por el momento no sabemos c\u00f3mo terminar\u00e1 este episodio pero una vez m\u00e1s anotamos un nuevo nombre que arremete contra la homosexualidad y que est\u00e1 vinculado a la orden eclesi\u00e1stica algo que sin duda, no asusta a nadie.<\/p>\n","protected":false},"excerpt":{"rendered":"<p>Una vez m\u00e1s tenemos que hablar de un obispo que arremete contra los homosexuales de una forma ligera y desmesurada. En esta ocasi\u00f3n tenemos a Vitus Huonder, una autoriadad eclesi\u00e1stica de la ciudad suiza de Chur que asegura que las personas gay merecen la muerte porque as\u00ed lo quiere la conciencia de Dios. La condena [&hellip;]<\/p>\n","protected":false},"author":3,"featured_media":20218,"comment_status":"open","ping_status":"open","sticky":false,"template":"","format":"standard","meta":{"footnotes":""},"categories":[57],"tags":[],"class_list":["post-20217","post","type-post","status-publish","format-standard","has-post-thumbnail","hentry","category-mundo-gay"],"_links":{"self":[{"href":"https:\/\/2horizontes.com\/index.php?rest_route=\/wp\/v2\/posts\/20217","targetHints":{"allow":["GET"]}}],"collection":[{"href":"https:\/\/2horizontes.com\/index.php?rest_route=\/wp\/v2\/posts"}],"about":[{"href":"https:\/\/2horizontes.com\/index.php?rest_route=\/wp\/v2\/types\/post"}],"author":[{"embeddable":true,"href":"https:\/\/2horizontes.com\/index.php?rest_route=\/wp\/v2\/users\/3"}],"replies":[{"embeddable":true,"href":"https:\/\/2horizontes.com\/index.php?rest_route=%2Fwp%2Fv2%2Fcomments&post=20217"}],"version-history":[{"count":1,"href":"https:\/\/2horizontes.com\/index.php?rest_route=\/wp\/v2\/posts\/20217\/revisions"}],"predecessor-version":[{"id":20219,"href":"https:\/\/2horizontes.com\/index.php?rest_route=\/wp\/v2\/posts\/20217\/revisions\/20219"}],"wp:featuredmedia":[{"embeddable":true,"href":"https:\/\/2horizontes.com\/index.php?rest_route=\/wp\/v2\/media\/20218"}],"wp:attachment":[{"href":"https:\/\/2horizontes.com\/index.php?rest_route=%2Fwp%2Fv2%2Fmedia&parent=20217"}],"wp:term":[{"taxonomy":"category","embeddable":true,"href":"https:\/\/2horizontes.com\/index.php?rest_route=%2Fwp%2Fv2%2Fcategories&post=20217"},{"taxonomy":"post_tag","embeddable":true,"href":"https:\/\/2horizontes.com\/index.php?rest_route=%2Fwp%2Fv2%2Ftags&post=20217"}],"curies":[{"name":"wp","href":"https:\/\/api.w.org\/{rel}","templated":true}]}}