{"id":20202,"date":"2015-08-13T10:53:01","date_gmt":"2015-08-13T09:53:01","guid":{"rendered":"http:\/\/2horizontes.com\/?p=20202"},"modified":"2015-08-13T10:53:01","modified_gmt":"2015-08-13T09:53:01","slug":"miles-de-campesinas-respaldan-a-dilma-rousseff","status":"publish","type":"post","link":"https:\/\/2horizontes.com\/?p=20202","title":{"rendered":"Miles de campesinas respaldan a Dilma Rousseff"},"content":{"rendered":"<p>EFE \/Brasilia<\/p>\n<p>Miles de campesinas se manifestaron ayer\u00a0 en Brasilia en demanda de mejoras para la agricultura a peque\u00f1a escala, pero tambi\u00e9n para apoyar a la presidenta Dilma Rousseff frente a lo que definieron, claramente, como una trama \u00abgolpista orquestada por la derecha\u201d.<\/p>\n<p>\u00abLes pido que le den la espalda al Congreso, en repudio a todas las maniobras golpistas\u201d, dijo, con un altavoz y desde lo alto de un cami\u00f3n que abr\u00eda la marcha, la vicepresidenta de la Central \u00danica de Trabajadores (CUT), Carmen Foro.<\/p>\n<p>Lo hizo cuando la marcha pasaba justamente frente al Parlamento y las manifestantes respondieron al pedido y le dieron la espalda al edificio gritando consignas \u00abcontra el golpe\u201d y otras dirigidas a Rousseff, tales como \u00abDilma, no est\u00e1s sola\u201d.<\/p>\n<p>Alud\u00edan, as\u00ed, a sectores minoritarios de la oposici\u00f3n que exigen un juicio pol\u00edtico con miras a la destituci\u00f3n de Rousseff, reelegida en octubre pasado, por su supuesta responsabilidad en las graves corruptelas en la estatal Petrobras o por la delicada situaci\u00f3n econ\u00f3mica del pa\u00eds.<\/p>\n<p>Esos mismos sectores convocaron\u00a0 a grandes protestas contra el Gobierno para el pr\u00f3ximo domingo, cuando pretenden llevar a la calle a millones de personas, como ocurri\u00f3 en manifestaciones similares realizadas los pasados marzo y abril.<\/p>\n<p>La manifestaci\u00f3n de las campesinas, conocida como Marcha de las Margaritas, se celebra cada mes de agosto en Brasilia y, en esta edici\u00f3n, seg\u00fan los organizadores, congreg\u00f3 a unas 70.000 personas en la c\u00e9ntrica Explanada de los Ministerios.<\/p>\n","protected":false},"excerpt":{"rendered":"<p>EFE \/Brasilia Miles de campesinas se manifestaron ayer\u00a0 en Brasilia en demanda de mejoras para la agricultura a peque\u00f1a escala, pero tambi\u00e9n para apoyar a la presidenta Dilma Rousseff frente a lo que definieron, claramente, como una trama \u00abgolpista orquestada por la derecha\u201d. \u00abLes pido que le den la espalda al Congreso, en repudio a [&hellip;]<\/p>\n","protected":false},"author":7,"featured_media":20203,"comment_status":"open","ping_status":"open","sticky":false,"template":"","format":"standard","meta":{"footnotes":""},"categories":[40,43],"tags":[],"class_list":["post-20202","post","type-post","status-publish","format-standard","has-post-thumbnail","hentry","category-internacionales","category-politica"],"_links":{"self":[{"href":"https:\/\/2horizontes.com\/index.php?rest_route=\/wp\/v2\/posts\/20202","targetHints":{"allow":["GET"]}}],"collection":[{"href":"https:\/\/2horizontes.com\/index.php?rest_route=\/wp\/v2\/posts"}],"about":[{"href":"https:\/\/2horizontes.com\/index.php?rest_route=\/wp\/v2\/types\/post"}],"author":[{"embeddable":true,"href":"https:\/\/2horizontes.com\/index.php?rest_route=\/wp\/v2\/users\/7"}],"replies":[{"embeddable":true,"href":"https:\/\/2horizontes.com\/index.php?rest_route=%2Fwp%2Fv2%2Fcomments&post=20202"}],"version-history":[{"count":1,"href":"https:\/\/2horizontes.com\/index.php?rest_route=\/wp\/v2\/posts\/20202\/revisions"}],"predecessor-version":[{"id":20204,"href":"https:\/\/2horizontes.com\/index.php?rest_route=\/wp\/v2\/posts\/20202\/revisions\/20204"}],"wp:featuredmedia":[{"embeddable":true,"href":"https:\/\/2horizontes.com\/index.php?rest_route=\/wp\/v2\/media\/20203"}],"wp:attachment":[{"href":"https:\/\/2horizontes.com\/index.php?rest_route=%2Fwp%2Fv2%2Fmedia&parent=20202"}],"wp:term":[{"taxonomy":"category","embeddable":true,"href":"https:\/\/2horizontes.com\/index.php?rest_route=%2Fwp%2Fv2%2Fcategories&post=20202"},{"taxonomy":"post_tag","embeddable":true,"href":"https:\/\/2horizontes.com\/index.php?rest_route=%2Fwp%2Fv2%2Ftags&post=20202"}],"curies":[{"name":"wp","href":"https:\/\/api.w.org\/{rel}","templated":true}]}}