{"id":20195,"date":"2015-08-13T10:42:23","date_gmt":"2015-08-13T09:42:23","guid":{"rendered":"http:\/\/2horizontes.com\/?p=20195"},"modified":"2015-08-13T10:42:23","modified_gmt":"2015-08-13T09:42:23","slug":"fidel-cumple-89-anos-en-la-vispera-de-la-visita-de-kerry","status":"publish","type":"post","link":"https:\/\/2horizontes.com\/?p=20195","title":{"rendered":"Fidel cumple 89 a\u00f1os en la v\u00edspera de la visita de Kerry"},"content":{"rendered":"<p>Agencias \/La Habana<\/p>\n<p>El expresidente de Cuba, Fidel Castro, cumple hoy\u00a0 89 a\u00f1os, un aniversario que se celebrar\u00e1 con conciertos y homenajes en v\u00edsperas de la primera visita de un secretario de Estado de Estados U\u00a0\u00a0 nidos\u00a0\u00a0 a Cuba en muchas d\u00e9cadas.<\/p>\n<p>John Kerry encabezar\u00e1 ma\u00f1ana el hist\u00f3rico acto formal de la reapertura de la embajada de su pa\u00eds en La Habana, fruto del deshielo de las relaciones entre dos pa\u00edses que fueron antagonistas durante m\u00e1s de medio siglo, un periodo que abarca pr\u00e1cticamente la totalidad de los a\u00f1os en los que Fidel Castro estuvo al frente de la isla.<\/p>\n<p>Como es costumbre en los \u00faltimos a\u00f1os, varios festejos por el cumplea\u00f1os del l\u00edder cubano, retirado del poder desde 2006 y sucedido por su hermano Ra\u00fal, coincidieron\u00a0 con actos por el D\u00eda Internacional de la Juventud, que se celebr\u00f3 ayer.<\/p>\n<p>John Kerry, el primer secretario de Estado de EEUU que visitar\u00e1 Cuba desde 1945, encabezar\u00e1\u00a0 la ceremonia del izado de la bandera norteamericana en la embajada, un acto que culminar\u00e1 el hist\u00f3rico proceso del restablecimiento de relaciones diplom\u00e1ticas, restauradas el pasado 20 de julio, se\u00f1ala EFE.<\/p>\n<p>Grupos del exilio cubano en Miami recriminaron al gobierno del presidente Barack Obama la apertura oficial de la embajada estadounidense en La Habana y consideraron \u00abun lamentable patr\u00f3n\u201d que, adem\u00e1s, los disidentes no hayan sido invitados al importante acto.<\/p>\n<p>A modo de preparaci\u00f3n,\u00a0 en\u00a0 las inmediaciones de la sede diplom\u00e1tica de EEUU, ubicada en el Malec\u00f3n de la capital cubana, hoy se realizar\u00e1 una versi\u00f3n infantil del Carnaval habanero, incluida en el programa capitalino de celebraciones por los 89 a\u00f1os de Fidel Castro.<\/p>\n<p>Una \u00abRumba grande para hombres inmensos\u201d, con la participaci\u00f3n de artistas de ese g\u00e9nero musical, forma parte de la programaci\u00f3n de festejos por el cumplea\u00f1os de Castro, que se inaugur\u00f3 el pasado lunes con la exposici\u00f3n fotogr\u00e1fica Un rebelde en Rebelde, con fotos tomadas por reporteros del diario Juventud Rebelde, \u00f3rgano oficial de la emblem\u00e1tica\u00a0 UJC.<\/p>\n<p>El embajador de Cuba en Bolivia, Benigno P\u00e9rez, destac\u00f3\u00a0 la visita que har\u00e1 el presidente de Bolivia, Evo Morales,\u00a0 a la isla, para celebrar el cumplea\u00f1os del l\u00edder de la Revoluci\u00f3n cubana.<\/p>\n<p>\u00abEl a\u00f1o pasado estuvo en cuatro oportunidades y este a\u00f1o, ahora, va al cumplea\u00f1os de Fidel, para nosotros es una honra, un honor que el presidente Evo Morales vaya a Cuba siempre\u201d,\u00a0 dijo en contacto con la emisora\u00a0 red Patria Nueva.<\/p>\n<p>Sin presencia de Fidel<\/p>\n<p>En ninguno de los actos de homenaje por su cumplea\u00f1os se anunci\u00f3 la presencia de Fidel Castro, quien desde 2006, cuando enferm\u00f3 y se retir\u00f3 del poder, mantiene un bajo perfil p\u00fablico con espor\u00e1dicas apariciones, la \u00faltima de ellas en julio pasado, durante un encuentro con oficiales y trabajadores civiles del Ministerio del Interior y las Fuerzas Armadas. Una semana antes, el expresidente sostuvo una reuni\u00f3n de cuatro horas con maestros queseros de la isla, y, con anterioridad, en abril, visit\u00f3 una escuela de La Habana.<\/p>\n<p>En mayo, Fidel\u00a0 recibi\u00f3 en su domicilio de La Habana a varias personalidades pol\u00edticas de visita en Cuba, como\u00a0 el presidente de Francia, Fran\u00e7ois Hollande.<\/p>\n<p>&nbsp;<\/p>\n<p>Mirando el\u00a0 futuro<\/p>\n<p>Panam\u00e1 El ministro de Comercio e Industrias paname\u00f1o, Melit\u00f3n Arrocha, present\u00f3 en la Asamblea Nacional un anteproyecto de ley que permite extender los t\u00e9rminos del Acuerdo de Alcance Parcial entre Panam\u00e1 y Cuba y aumentar as\u00ed el comercio con la isla, informaron ayer fuentes oficiales.<\/p>\n<p>Republicanos Pol\u00edticos republicanos de Florida afirmaron ayer,\u00a0 en Miami, que al \u00abregalo\u201d de la embajada estadounidense en Cuba no se sumar\u00e1 el del levantamiento de las sanciones a la isla, pues el presidente Barack Obama carece de los votos en el Congreso para acabar con el embargo.<\/p>\n<p>Disidencia El secretario de Estado\u00a0 Kerry se ver\u00e1 con disidentes en la isla.<\/p>\n<p>&nbsp;<\/p>\n<p>Cuba se prepara para una avalancha de turistas<\/p>\n<p>&nbsp;<\/p>\n<p>Sara G\u00f3mez\u00a0 \/La Habana<\/p>\n<p>Ante la previsible llegada de ferrys, cruceros y m\u00e1s aerol\u00edneas en los pr\u00f3ximos meses, Cuba se prepara para una avalancha de visitantes estadounidenses con proyectos para ampliar puertos, aeropuertos y plazas hoteleras, pero entre dudas razonables\u00a0 sobre si sus endebles infraestructuras soportar\u00e1n esa importante\u00a0 presi\u00f3n.<\/p>\n<p>En los siete primeros meses del a\u00f1o, despu\u00e9s de que el presidente norteamericano, Barack Obama, flexibilizara las restricciones a los viajes, unos 88.900 estadounidenses llegaron a Cuba, un 54% m\u00e1s que en 2014, porcentaje que podr\u00eda ampliarse todav\u00eda m\u00e1s a final de a\u00f1o.<\/p>\n<p>Expertos\u00a0 pronostican que en el conjunto de 2015, la llegada de visitantes estadounidenses podr\u00eda aumentar hasta un 70%, ya que el \u00faltimo trimestre es temporada alta en la isla y se espera que los ferrys de Florida a Cuba\u00a0 empiecen a operar en septiembre, puesto que ya hay seis compa\u00f1\u00edas que obtuvieron\u00a0 las licencias de Estados Unidos.<\/p>\n<p>\u00abEn el \u00faltimo trimestre se pueden batir r\u00e9cords. Habr\u00e1 ya embajada, relaciones diplom\u00e1ticas plenas y puede ser que el Congreso elimine la prohibici\u00f3n de viajar a Cuba a los estadounidenses\u201d, dijo\u00a0 Omar Everleny, del Centro de Estudios Econ\u00f3micos Cubanos. El influyente Comit\u00e9 de Apropiaciones del Senado ya aprob\u00f3 hace unas semanas el levantamiento de la prohibici\u00f3n de los viajes a Cuba; una medida que podr\u00eda hacerse realidad antes de fin de a\u00f1o. (EFE)<\/p>\n","protected":false},"excerpt":{"rendered":"<p>Agencias \/La Habana El expresidente de Cuba, Fidel Castro, cumple hoy\u00a0 89 a\u00f1os, un aniversario que se celebrar\u00e1 con conciertos y homenajes en v\u00edsperas de la primera visita de un secretario de Estado de Estados U\u00a0\u00a0 nidos\u00a0\u00a0 a Cuba en muchas d\u00e9cadas. John Kerry encabezar\u00e1 ma\u00f1ana el hist\u00f3rico acto formal de la reapertura de la [&hellip;]<\/p>\n","protected":false},"author":7,"featured_media":20196,"comment_status":"open","ping_status":"open","sticky":false,"template":"","format":"standard","meta":{"footnotes":""},"categories":[49,40,43],"tags":[],"class_list":["post-20195","post","type-post","status-publish","format-standard","has-post-thumbnail","hentry","category-cuba","category-internacionales","category-politica"],"_links":{"self":[{"href":"https:\/\/2horizontes.com\/index.php?rest_route=\/wp\/v2\/posts\/20195","targetHints":{"allow":["GET"]}}],"collection":[{"href":"https:\/\/2horizontes.com\/index.php?rest_route=\/wp\/v2\/posts"}],"about":[{"href":"https:\/\/2horizontes.com\/index.php?rest_route=\/wp\/v2\/types\/post"}],"author":[{"embeddable":true,"href":"https:\/\/2horizontes.com\/index.php?rest_route=\/wp\/v2\/users\/7"}],"replies":[{"embeddable":true,"href":"https:\/\/2horizontes.com\/index.php?rest_route=%2Fwp%2Fv2%2Fcomments&post=20195"}],"version-history":[{"count":1,"href":"https:\/\/2horizontes.com\/index.php?rest_route=\/wp\/v2\/posts\/20195\/revisions"}],"predecessor-version":[{"id":20197,"href":"https:\/\/2horizontes.com\/index.php?rest_route=\/wp\/v2\/posts\/20195\/revisions\/20197"}],"wp:featuredmedia":[{"embeddable":true,"href":"https:\/\/2horizontes.com\/index.php?rest_route=\/wp\/v2\/media\/20196"}],"wp:attachment":[{"href":"https:\/\/2horizontes.com\/index.php?rest_route=%2Fwp%2Fv2%2Fmedia&parent=20195"}],"wp:term":[{"taxonomy":"category","embeddable":true,"href":"https:\/\/2horizontes.com\/index.php?rest_route=%2Fwp%2Fv2%2Fcategories&post=20195"},{"taxonomy":"post_tag","embeddable":true,"href":"https:\/\/2horizontes.com\/index.php?rest_route=%2Fwp%2Fv2%2Ftags&post=20195"}],"curies":[{"name":"wp","href":"https:\/\/api.w.org\/{rel}","templated":true}]}}