{"id":20192,"date":"2015-08-13T10:39:58","date_gmt":"2015-08-13T09:39:58","guid":{"rendered":"http:\/\/2horizontes.com\/?p=20192"},"modified":"2015-08-13T10:39:58","modified_gmt":"2015-08-13T09:39:58","slug":"trasladan-opositor-venezolano-ceballos-a-residencia-bajo-arresto-domiciliario","status":"publish","type":"post","link":"https:\/\/2horizontes.com\/?p=20192","title":{"rendered":"Trasladan opositor venezolano Ceballos a residencia bajo arresto domiciliario"},"content":{"rendered":"<div id=\"ArticleAuthorDiv\" class=\"article-body-author\"><b>EFE<\/b><\/div>\n<div id=\"ArticleSourceDiv\" class=\"article-body-author\"><b>Caracas<\/b><\/div>\n<div id=\"ArticleBody\">\n<p>El opositor venezolano Daniel Ceballos, encarcelado desde hace casi un a\u00f1o y medio por las protestas antigubernamentales de 2014, fue trasladado hoy a su residencia en Caracas luego de que un tribunal le concedi\u00f3 la medida de arresto domiciliario.<\/p>\n<p>El exalcalde fue trasladado alrededor de la 1.00 (hora local) (5.30 GMT) hasta su residencia, ubicada en el este de Caracas, acompa\u00f1ado por un grupo de funcionarios de los Servicios Bolivarianos de Inteligencia (Sebin).<\/p>\n<p>\u00abCon emociones encontradas, feliz por estar con mi familia\u00bb, dijo Ceballos desde la ventana del apartamento donde permanece detenido al ser consultado por los periodistas que desde fuera de la residencia le preguntaron c\u00f3mo se sent\u00eda.<\/p>\n<p>\u00abS\u00ed, Daniel fue recibido por su esposa y por sus tres hijos, en este momento se encuentra con sus familiares m\u00e1s cercanos y algunos amigos que est\u00e1n aqu\u00ed recibi\u00e9ndolo\u00bb, inform\u00f3 la abogada defensora, Ana Leonor Acosta al canal local Vivo Play minutos despu\u00e9s de la llegada del opositor.<\/p>\n<p>Seg\u00fan la jurista, Ceballos permanecer\u00e1 bajo la custodia de dos funcionarios del Sebin.<\/p>\n<p>Asimismo el coordinador de comunicaciones del partido Voluntad Popular (VP), Johan Merchan, public\u00f3 una imagen del exalcalde acompa\u00f1ado de sus esposa Patricia Guti\u00e9rrez e hijos.<\/p>\n<p>A Ceballos, de 31 a\u00f1os de edad y destituido en 2014 de su cargo como alcalde de San Crist\u00f3bal (oeste) tras su encarcelamiento, le fue otorgado hoy el arresto domiciliario por motivos de salud, informaron sus abogados y la Fiscal\u00eda venezolana.<\/p>\n<p>La esposa del exburgomaestre revel\u00f3 que el tribunal decidi\u00f3 que el arresto domiciliario tenga lugar en Caracas, por lo que se alojar\u00e1 en el apartamento en el que la familia se quedaba en la capital cada vez que viajaban desde la occidental San Crist\u00f3bal para las visitas pautadas.<\/p>\n<p>Ceballos fue detenido en marzo de 2014 y condenado a 12 meses de prisi\u00f3n por desacato a una medida cautelar del Tribunal Supremo de Justicia (TSJ).<\/p>\n<p>Seg\u00fan el TSJ, el entonces alcalde no acat\u00f3 una sentencia que le obligaba a impedir la colocaci\u00f3n de las barricadas que grupos que protestaban durante el primer semestre de ese a\u00f1o contra las pol\u00edticas gubernamentales colocaron en el municipio.<\/p>\n<p>Tras cumplir esa condena, el TSJ inform\u00f3 que el exburgomaestre continuar\u00eda preso por otra causa judicial que se le sigue por asociaci\u00f3n para delinquir, relacionada tambi\u00e9n con esas protestas y que causaron, seg\u00fan cifras oficiales, 43 muertos y centenares de heridos y detenidos entre oficialistas, opositores y personas sin adscripci\u00f3n pol\u00edtica aparente.<\/p>\n<\/div>\n","protected":false},"excerpt":{"rendered":"<p>EFE Caracas El opositor venezolano Daniel Ceballos, encarcelado desde hace casi un a\u00f1o y medio por las protestas antigubernamentales de 2014, fue trasladado hoy a su residencia en Caracas luego de que un tribunal le concedi\u00f3 la medida de arresto domiciliario. El exalcalde fue trasladado alrededor de la 1.00 (hora local) (5.30 GMT) hasta su [&hellip;]<\/p>\n","protected":false},"author":7,"featured_media":20193,"comment_status":"open","ping_status":"open","sticky":false,"template":"","format":"standard","meta":{"footnotes":""},"categories":[40,43,48],"tags":[],"class_list":["post-20192","post","type-post","status-publish","format-standard","has-post-thumbnail","hentry","category-internacionales","category-politica","category-venezuela"],"_links":{"self":[{"href":"https:\/\/2horizontes.com\/index.php?rest_route=\/wp\/v2\/posts\/20192","targetHints":{"allow":["GET"]}}],"collection":[{"href":"https:\/\/2horizontes.com\/index.php?rest_route=\/wp\/v2\/posts"}],"about":[{"href":"https:\/\/2horizontes.com\/index.php?rest_route=\/wp\/v2\/types\/post"}],"author":[{"embeddable":true,"href":"https:\/\/2horizontes.com\/index.php?rest_route=\/wp\/v2\/users\/7"}],"replies":[{"embeddable":true,"href":"https:\/\/2horizontes.com\/index.php?rest_route=%2Fwp%2Fv2%2Fcomments&post=20192"}],"version-history":[{"count":1,"href":"https:\/\/2horizontes.com\/index.php?rest_route=\/wp\/v2\/posts\/20192\/revisions"}],"predecessor-version":[{"id":20194,"href":"https:\/\/2horizontes.com\/index.php?rest_route=\/wp\/v2\/posts\/20192\/revisions\/20194"}],"wp:featuredmedia":[{"embeddable":true,"href":"https:\/\/2horizontes.com\/index.php?rest_route=\/wp\/v2\/media\/20193"}],"wp:attachment":[{"href":"https:\/\/2horizontes.com\/index.php?rest_route=%2Fwp%2Fv2%2Fmedia&parent=20192"}],"wp:term":[{"taxonomy":"category","embeddable":true,"href":"https:\/\/2horizontes.com\/index.php?rest_route=%2Fwp%2Fv2%2Fcategories&post=20192"},{"taxonomy":"post_tag","embeddable":true,"href":"https:\/\/2horizontes.com\/index.php?rest_route=%2Fwp%2Fv2%2Ftags&post=20192"}],"curies":[{"name":"wp","href":"https:\/\/api.w.org\/{rel}","templated":true}]}}