{"id":2017,"date":"2014-09-17T12:19:56","date_gmt":"2014-09-17T12:19:56","guid":{"rendered":"http:\/\/2horizontes.com\/?p=2017"},"modified":"2014-09-17T12:19:56","modified_gmt":"2014-09-17T12:19:56","slug":"rescatados-38-inmigrantes-en-yola-en-almeria","status":"publish","type":"post","link":"https:\/\/2horizontes.com\/?p=2017","title":{"rendered":"Rescatados 38 inmigrantes en yola en Almer\u00eda"},"content":{"rendered":"<p><a href=\"http:\/\/2horizontes.com\/wp-content\/uploads\/2014\/09\/yola.jpg\"><img loading=\"lazy\" decoding=\"async\" src=\"http:\/\/2horizontes.com\/wp-content\/uploads\/2014\/09\/yola-300x158.jpg\" alt=\"yola\" width=\"300\" height=\"158\" class=\"alignleft size-medium wp-image-2018\" srcset=\"https:\/\/2horizontes.com\/wp-content\/uploads\/2014\/09\/yola-300x158.jpg 300w, https:\/\/2horizontes.com\/wp-content\/uploads\/2014\/09\/yola-510x269.jpg 510w, https:\/\/2horizontes.com\/wp-content\/uploads\/2014\/09\/yola-624x329.jpg 624w, https:\/\/2horizontes.com\/wp-content\/uploads\/2014\/09\/yola.jpg 625w\" sizes=\"auto, (max-width: 300px) 100vw, 300px\" \/><\/a><\/p>\n<p>Salvamento Mar\u00edtimo ha interceptado una patera con 38 ocupantes subsaharianos a 50 millas n\u00e1uticas al sur de Motril (Granada). Fuentes del Servicio de Salvamento han informado a Efe de que la b\u00fasqueda de la embarcaci\u00f3n comenz\u00f3 ayer tras recibir un aviso, si bien ha sido localizada esta ma\u00f1ana y sus ocupantes han podido ser rescatados a las 10.20 horas por la tripulaci\u00f3n de la Guardamar Caliope.<\/p>\n<p>Entre los rescatados figuran ocho mujeres y tres ni\u00f1os, adem\u00e1s de 27 varones que se encuentran en aparente buen estado de salud y est\u00e1n siendo trasladados hasta el puerto de Almer\u00eda, seg\u00fan ha indicado a Europa Press un portavoz del organismo dependiente del Ministerio de Fomento.<\/p>\n<p>En el operativo de b\u00fasqueda, que comenz\u00f3 a las 14.00 horas de este martes tras recibir la llamada de alerta, han participado tanto medios a\u00e9reos como mar\u00edtimos del Frontex, entre ellos el helic\u00f3ptero Helimer 202 de Salvamento Mar\u00edtimo y patrulleras de la Armada.<\/p>\n<p>Est\u00e1 previsto que los inmigrantes lleguen a primera hora de la tarde al puerto de Almer\u00eda, donde se ha activado un Equipo de Respuesta Inmediata ante Emergencias (ERIE) de Cruz Roja para prestarles asistencia m\u00e9dica y humanitaria.<\/p>\n","protected":false},"excerpt":{"rendered":"<p>Salvamento Mar\u00edtimo ha interceptado una patera con 38 ocupantes subsaharianos a 50 millas n\u00e1uticas al sur de Motril (Granada). Fuentes del Servicio de Salvamento han informado a Efe de que la b\u00fasqueda de la embarcaci\u00f3n comenz\u00f3 ayer tras recibir un aviso, si bien ha sido localizada esta ma\u00f1ana y sus ocupantes han podido ser rescatados [&hellip;]<\/p>\n","protected":false},"author":1,"featured_media":0,"comment_status":"open","ping_status":"open","sticky":false,"template":"","format":"standard","meta":{"footnotes":""},"categories":[1],"tags":[],"class_list":["post-2017","post","type-post","status-publish","format-standard","hentry","category-entretenimiento"],"_links":{"self":[{"href":"https:\/\/2horizontes.com\/index.php?rest_route=\/wp\/v2\/posts\/2017","targetHints":{"allow":["GET"]}}],"collection":[{"href":"https:\/\/2horizontes.com\/index.php?rest_route=\/wp\/v2\/posts"}],"about":[{"href":"https:\/\/2horizontes.com\/index.php?rest_route=\/wp\/v2\/types\/post"}],"author":[{"embeddable":true,"href":"https:\/\/2horizontes.com\/index.php?rest_route=\/wp\/v2\/users\/1"}],"replies":[{"embeddable":true,"href":"https:\/\/2horizontes.com\/index.php?rest_route=%2Fwp%2Fv2%2Fcomments&post=2017"}],"version-history":[{"count":1,"href":"https:\/\/2horizontes.com\/index.php?rest_route=\/wp\/v2\/posts\/2017\/revisions"}],"predecessor-version":[{"id":2019,"href":"https:\/\/2horizontes.com\/index.php?rest_route=\/wp\/v2\/posts\/2017\/revisions\/2019"}],"wp:attachment":[{"href":"https:\/\/2horizontes.com\/index.php?rest_route=%2Fwp%2Fv2%2Fmedia&parent=2017"}],"wp:term":[{"taxonomy":"category","embeddable":true,"href":"https:\/\/2horizontes.com\/index.php?rest_route=%2Fwp%2Fv2%2Fcategories&post=2017"},{"taxonomy":"post_tag","embeddable":true,"href":"https:\/\/2horizontes.com\/index.php?rest_route=%2Fwp%2Fv2%2Ftags&post=2017"}],"curies":[{"name":"wp","href":"https:\/\/api.w.org\/{rel}","templated":true}]}}