{"id":20167,"date":"2015-08-13T10:03:24","date_gmt":"2015-08-13T09:03:24","guid":{"rendered":"http:\/\/2horizontes.com\/?p=20167"},"modified":"2015-08-13T10:03:24","modified_gmt":"2015-08-13T09:03:24","slug":"jimmy-carter-informa-que-padece-de-cancer","status":"publish","type":"post","link":"https:\/\/2horizontes.com\/?p=20167","title":{"rendered":"Jimmy Carter informa que padece de c\u00e1ncer"},"content":{"rendered":"<div id=\"ArticleAuthorDiv\" class=\"article-body-author\"><b>EFE<\/b><\/div>\n<div id=\"ArticleSourceDiv\" class=\"article-body-author\"><b>Atlanta (EE.UU.)<\/b><\/div>\n<div id=\"ArticleBody\">\n<p>El expresidente estadounidense Jimmy Carter (1977-1981) inform\u00f3 ayer de que padece de c\u00e1ncer, dolencia que fue descubierta tras una operaci\u00f3n quir\u00fargica realizada la pasada semana.<\/p>\n<p>\u201cUna reciente cirug\u00eda en el h\u00edgado revel\u00f3 que tengo c\u00e1ncer ahora en otras partes de mi cuerpo\u201d, indic\u00f3 a trav\u00e9s de un comunicado de su organizaci\u00f3n de promoci\u00f3n de la democracia y los derechos humanos Centro Carter.<\/p>\n<p>El exmandatario, de 90 a\u00f1os, se someti\u00f3 a una operaci\u00f3n de h\u00edgado el pasado 3 de agosto en el hospital de la universidad Emory en Atlanta (sureste del pa\u00eds) para extirparle una peque\u00f1a masa en el h\u00edgado.<\/p>\n<p>Carter indic\u00f3 que debido a esta dolencia acomodar\u00e1 su \u201chorario conforme sea necesario para recibir tratamiento en el Hospital de Emory\u201d.<\/p>\n<p>El trig\u00e9simo noveno presidente de EE.UU., que se mantiene activo y ha liderado numerosas misiones de observaci\u00f3n electoral, explic\u00f3 que \u201cprobablemente la pr\u00f3xima semana\u201d dar\u00e1 a conocer otra nota con m\u00e1s detalles de su situaci\u00f3n.<\/p>\n<p>En el escueto comunicado de ayer no se especifica el alcance del c\u00e1ncer que padece Carter, que tras dejar la Presidencia del pa\u00eds en 1982 fund\u00f3 su organizaci\u00f3n sin \u00e1nimo de lucro en Atlanta.<\/p>\n<p>Jason Carter, nieto del exmandatario que perdi\u00f3 las elecciones a gobernador de Georgia en 2014 contra el republicano Nathan Deal, agradeci\u00f3 a trav\u00e9s de redes sociales las muestras de afecto hacia su abuelo y la familia. \u201cGracias a todos por sus pensamientos y oraciones para mi abuelo y abuela\u201d, se\u00f1al\u00f3 en un mensaje de su cuenta de Twitter. Carter, que present\u00f3 su m\u00e1s reciente libro \u201cA Full Life: Reflections at Ninety\u201d, acort\u00f3 un viaje a Guyana en mayo de este a\u00f1o luego de sentirse enfermo.<\/p>\n<p>El expresidente, nacido en Georgia, recibi\u00f3 el Premio Nobel de la Paz en 2002 por el trabajo humanitario que lleva a cabo a trav\u00e9s de su organizaci\u00f3n.<\/p>\n<p>Carter, que ocup\u00f3 la Casa Blanca entre 1977 y 1981 por el Partido Dem\u00f3crata, se ha convertido en un actor fundamental de la pol\u00edtica exterior estadounidense al margen de los canales oficiales.<\/p>\n<p>En los \u00faltimos a\u00f1os ha facilitado acercamientos entre pa\u00edses bolivarianos, como Cuba y Venezuela, y Estados Unidos y ha mediado para la liberaci\u00f3n de presos norteamericanos en Corea del Norte.<\/p>\n<p><strong>DEFENSOR DE DERECHOS HUMANOS Y DEMOCRACIA<\/strong><br \/>\nCarter fue condecorado en noviembre de 2011 por el entonces presidente Leonel Fern\u00e1ndez, por sus aportes en favor de la democracia y el respeto a los derechos humanos en el mundo.<\/p>\n<p>Fern\u00e1ndez impuso a Carter, entonces con 87 a\u00f1os, la Orden al M\u00e9rito de Duarte, S\u00e1nchez y Mella, en el grado de Gran Cruz Placa de Oro, la m\u00e1xima que otorga el pa\u00eds, en un \u201cemotivo\u201d acto en la sede del Ejecutivo. , Fernandez destac\u00f3, mediante decreto, \u201clos aportes que ha hecho Carter para que se respete la dignidad de los pueblos, el sistema de elecciones libres y la soberan\u00eda de las naciones\u201d. A la ceremonia asisti\u00f3 la esposa del exgobernate Rosalynn, el vicepresidente Rafael Alburquerque, y el embajador de EEUU aqu\u00ed, Ra\u00fal Izaguirre.<\/p>\n<\/div>\n<div><\/div>\n<p>&nbsp;<\/p>\n","protected":false},"excerpt":{"rendered":"<p>EFE Atlanta (EE.UU.) El expresidente estadounidense Jimmy Carter (1977-1981) inform\u00f3 ayer de que padece de c\u00e1ncer, dolencia que fue descubierta tras una operaci\u00f3n quir\u00fargica realizada la pasada semana. \u201cUna reciente cirug\u00eda en el h\u00edgado revel\u00f3 que tengo c\u00e1ncer ahora en otras partes de mi cuerpo\u201d, indic\u00f3 a trav\u00e9s de un comunicado de su organizaci\u00f3n de [&hellip;]<\/p>\n","protected":false},"author":7,"featured_media":20170,"comment_status":"open","ping_status":"open","sticky":false,"template":"","format":"standard","meta":{"footnotes":""},"categories":[40,43],"tags":[],"class_list":["post-20167","post","type-post","status-publish","format-standard","has-post-thumbnail","hentry","category-internacionales","category-politica"],"_links":{"self":[{"href":"https:\/\/2horizontes.com\/index.php?rest_route=\/wp\/v2\/posts\/20167","targetHints":{"allow":["GET"]}}],"collection":[{"href":"https:\/\/2horizontes.com\/index.php?rest_route=\/wp\/v2\/posts"}],"about":[{"href":"https:\/\/2horizontes.com\/index.php?rest_route=\/wp\/v2\/types\/post"}],"author":[{"embeddable":true,"href":"https:\/\/2horizontes.com\/index.php?rest_route=\/wp\/v2\/users\/7"}],"replies":[{"embeddable":true,"href":"https:\/\/2horizontes.com\/index.php?rest_route=%2Fwp%2Fv2%2Fcomments&post=20167"}],"version-history":[{"count":1,"href":"https:\/\/2horizontes.com\/index.php?rest_route=\/wp\/v2\/posts\/20167\/revisions"}],"predecessor-version":[{"id":20172,"href":"https:\/\/2horizontes.com\/index.php?rest_route=\/wp\/v2\/posts\/20167\/revisions\/20172"}],"wp:featuredmedia":[{"embeddable":true,"href":"https:\/\/2horizontes.com\/index.php?rest_route=\/wp\/v2\/media\/20170"}],"wp:attachment":[{"href":"https:\/\/2horizontes.com\/index.php?rest_route=%2Fwp%2Fv2%2Fmedia&parent=20167"}],"wp:term":[{"taxonomy":"category","embeddable":true,"href":"https:\/\/2horizontes.com\/index.php?rest_route=%2Fwp%2Fv2%2Fcategories&post=20167"},{"taxonomy":"post_tag","embeddable":true,"href":"https:\/\/2horizontes.com\/index.php?rest_route=%2Fwp%2Fv2%2Ftags&post=20167"}],"curies":[{"name":"wp","href":"https:\/\/api.w.org\/{rel}","templated":true}]}}