{"id":20149,"date":"2015-08-13T03:53:08","date_gmt":"2015-08-13T02:53:08","guid":{"rendered":"http:\/\/2horizontes.com\/?p=20149"},"modified":"2015-08-13T03:53:08","modified_gmt":"2015-08-13T02:53:08","slug":"fallece-madre-del-periodista-y-diplomatico-elvis-valoy","status":"publish","type":"post","link":"https:\/\/2horizontes.com\/?p=20149","title":{"rendered":"Fallece madre del periodista y diplom\u00e1tico Elvis Valoy"},"content":{"rendered":"<p>RD- SANTO DOMINGO-La madre del periodista y diplom\u00e1tico Elvis Valoy falleci\u00f3 este mi\u00e9rcoles debido a problemas de salud que la aquejaban desde hac\u00eda varios d\u00edas.<\/p>\n<p>Carmen Menc\u00eda Pacheco Pimentel, madre de Valoy, quien desempe\u00f1a su labor diplom\u00e1tica en Panam\u00e1 como ministro consejero, falleci\u00f3 en la ma\u00f1ana de hoy en una cl\u00ednica del Distrito Nacional.<\/p>\n<p>La dama sufri\u00f3 un paro cerebro vascular, por lo que fue ingresada\u00a0 de emergencia hace varios d\u00edas.<\/p>\n<p>\u201cPero\u00a0 luego de infructuosamente\u00a0 hacer esfuerzos \u00a0 por retornarle la salud, ocurri\u00f3 su deceso\u201d, se\u00f1ala una nota de prensa.<\/p>\n<p>Los restos de la se\u00f1ora Pacheco Pimentel est\u00e1n siendo velados en la funeraria Blandino de la avenida Abraham Lincoln y se le dar\u00e1 cristiana sepultura este jueves 13 de agosto, a partir de las 3.00 de la tarde\u00a0 en el cementerio\u00a0 Puerta del Cielo.<\/p>\n<p>&nbsp;<\/p>\n","protected":false},"excerpt":{"rendered":"<p>RD- SANTO DOMINGO-La madre del periodista y diplom\u00e1tico Elvis Valoy falleci\u00f3 este mi\u00e9rcoles debido a problemas de salud que la aquejaban desde hac\u00eda varios d\u00edas. Carmen Menc\u00eda Pacheco Pimentel, madre de Valoy, quien desempe\u00f1a su labor diplom\u00e1tica en Panam\u00e1 como ministro consejero, falleci\u00f3 en la ma\u00f1ana de hoy en una cl\u00ednica del Distrito Nacional. La [&hellip;]<\/p>\n","protected":false},"author":8,"featured_media":20150,"comment_status":"open","ping_status":"open","sticky":false,"template":"","format":"standard","meta":{"footnotes":""},"categories":[44],"tags":[],"class_list":["post-20149","post","type-post","status-publish","format-standard","has-post-thumbnail","hentry","category-republica-dominicana"],"_links":{"self":[{"href":"https:\/\/2horizontes.com\/index.php?rest_route=\/wp\/v2\/posts\/20149","targetHints":{"allow":["GET"]}}],"collection":[{"href":"https:\/\/2horizontes.com\/index.php?rest_route=\/wp\/v2\/posts"}],"about":[{"href":"https:\/\/2horizontes.com\/index.php?rest_route=\/wp\/v2\/types\/post"}],"author":[{"embeddable":true,"href":"https:\/\/2horizontes.com\/index.php?rest_route=\/wp\/v2\/users\/8"}],"replies":[{"embeddable":true,"href":"https:\/\/2horizontes.com\/index.php?rest_route=%2Fwp%2Fv2%2Fcomments&post=20149"}],"version-history":[{"count":1,"href":"https:\/\/2horizontes.com\/index.php?rest_route=\/wp\/v2\/posts\/20149\/revisions"}],"predecessor-version":[{"id":20151,"href":"https:\/\/2horizontes.com\/index.php?rest_route=\/wp\/v2\/posts\/20149\/revisions\/20151"}],"wp:featuredmedia":[{"embeddable":true,"href":"https:\/\/2horizontes.com\/index.php?rest_route=\/wp\/v2\/media\/20150"}],"wp:attachment":[{"href":"https:\/\/2horizontes.com\/index.php?rest_route=%2Fwp%2Fv2%2Fmedia&parent=20149"}],"wp:term":[{"taxonomy":"category","embeddable":true,"href":"https:\/\/2horizontes.com\/index.php?rest_route=%2Fwp%2Fv2%2Fcategories&post=20149"},{"taxonomy":"post_tag","embeddable":true,"href":"https:\/\/2horizontes.com\/index.php?rest_route=%2Fwp%2Fv2%2Ftags&post=20149"}],"curies":[{"name":"wp","href":"https:\/\/api.w.org\/{rel}","templated":true}]}}