{"id":2014,"date":"2014-09-17T12:00:51","date_gmt":"2014-09-17T12:00:51","guid":{"rendered":"http:\/\/2horizontes.com\/?p=2014"},"modified":"2014-09-17T12:00:51","modified_gmt":"2014-09-17T12:00:51","slug":"la-grave-crisis-que-desangra-libia-es-un-problema-para-europa","status":"publish","type":"post","link":"https:\/\/2horizontes.com\/?p=2014","title":{"rendered":"\u201cLa grave crisis que desangra Libia\u201d es un problema para Europa"},"content":{"rendered":"<p><a href=\"http:\/\/2horizontes.com\/wp-content\/uploads\/2014\/09\/Rajoy.jpg\"><img loading=\"lazy\" decoding=\"async\" src=\"http:\/\/2horizontes.com\/wp-content\/uploads\/2014\/09\/Rajoy-300x209.jpg\" alt=\"-RAJOY-GIRONA_013.JPG de Producci\u00f3n ABC-DEL\" width=\"300\" height=\"209\" class=\"alignleft size-medium wp-image-2015\" srcset=\"https:\/\/2horizontes.com\/wp-content\/uploads\/2014\/09\/Rajoy-300x209.jpg 300w, https:\/\/2horizontes.com\/wp-content\/uploads\/2014\/09\/Rajoy-510x355.jpg 510w, https:\/\/2horizontes.com\/wp-content\/uploads\/2014\/09\/Rajoy-624x435.jpg 624w\" sizes=\"auto, (max-width: 300px) 100vw, 300px\" \/><\/a><\/p>\n<p>Madrid Espa\u00f1a.-Libia es una \u201cclara prioridad para Espa\u00f1a\u201d y \u201cla grave crisis que desangra\u201d el pa\u00eds africano tambi\u00e9n afecta a la seguridad y a la estabilidad en el Mediterr\u00e1neo y en Europa. El presidente del Gobierno, Mariano Rajoy, ha transmitido este mensaje en la inauguraci\u00f3n de la Conferencia sobre la Estabilidad y Desarrollo en Libia, que se celebra este mi\u00e9rcoles en Madrid, y a la que han asistido representantes, en su mayor\u00eda ministros de Asuntos Exteriores, de 15 pa\u00edses ribere\u00f1os del Mediterr\u00e1neo.<\/p>\n<p>\u201cQueremos acompa\u00f1ar al pueblo libio por una senda que traiga paz y democracia\u201d, ha se\u00f1alado Rajoy, que ha querido subrayar que son las autoridades libias quienes deben guiar \u201ca los pa\u00edses que quieren ayudar\u201d.<\/p>\n<p>El jefe del Ejecutivo espa\u00f1ol ha condenado \u201cel recurso a la violencia indiscriminada\u201d y los \u201cactos terroristas\u201d que golpean Libia y ha insistido en que \u201csin seguridad\u201d es imposible reconstruir las instituciones del pa\u00eds, un argumento que tambi\u00e9n ha defendido el enviado especial de la ONU para Libia, Bernardino Le\u00f3n.<\/p>\n<p>Adem\u00e1s, Rajoy ha aprovechado su intervenci\u00f3n para dar un espaldarazo al nuevo Gobierno libio, elegido en los comicios del pasado 25 de junio. El nuevo Ejecutivo ha tenido que constituirse en Tobruk, a 1.400 kil\u00f3metros al este de la capital, Tr\u00edpoli, por las luchas entre las distintas facciones islamistas y la constituci\u00f3n de otro Gobierno alternativo, nombrado por la Asamblea General saliente, un parlamento provisional que dur\u00f3 18 meses y que ahora le disputa la legitimidad.<\/p>\n<p>Precisamente, el nuevo ministro de Exteriores libio, Mohamed E. Abdulaziz, ha subrayado la importancia de que el nuevo Gobierno regrese a Tr\u00edpoli, durante su discurso inaugural, en el que ha expresado la disposici\u00f3n de su pa\u00eds a trabajar \u201ccon todos los socios\u201d en Europa y en el mundo \u00e1rabe para fortalecer la seguridad y la democracia.<\/p>\n<p>Seg\u00fan el titular de Exteriores espa\u00f1ol, Jos\u00e9 Manuel Garc\u00eda-Margallo, la primera responsabilidad de los socios de Libia es \u201casegurar que los partidarios del caos no triunfen, porque el espacio ser\u00eda llenado por la vanguardia m\u00e1s sanguinaria de la yihad global\u201d. Margallo se ha mostrado convencido de que Libia es \u201cuna piedra preciosa para el califato\u201d por su situaci\u00f3n geoestrat\u00e9gica \u201cprivilegiada\u201d, en el Mediterr\u00e1neo y cercana a Europa y al cuerno de \u00c1frica.<\/p>\n<p>A la conferencia han asistido 11 ministros de Exteriores de pa\u00edses africanos y del Sur de Europa, incluida la Alta Representante de la Uni\u00f3n Europea para la Pol\u00edtica Exterior, Federica Mogherini, y altos cargos de Exteriores de otros cuatro pa\u00edses. Adem\u00e1s, han acudido representantes de la ONU, la Uni\u00f3n Europea, la Liga \u00c1rabe, la Uni\u00f3n para el Mediterr\u00e1neo y la Uni\u00f3n Africana.<\/p>\n","protected":false},"excerpt":{"rendered":"<p>Madrid Espa\u00f1a.-Libia es una \u201cclara prioridad para Espa\u00f1a\u201d y \u201cla grave crisis que desangra\u201d el pa\u00eds africano tambi\u00e9n afecta a la seguridad y a la estabilidad en el Mediterr\u00e1neo y en Europa. El presidente del Gobierno, Mariano Rajoy, ha transmitido este mensaje en la inauguraci\u00f3n de la Conferencia sobre la Estabilidad y Desarrollo en Libia, [&hellip;]<\/p>\n","protected":false},"author":1,"featured_media":0,"comment_status":"open","ping_status":"open","sticky":false,"template":"","format":"standard","meta":{"footnotes":""},"categories":[1],"tags":[],"class_list":["post-2014","post","type-post","status-publish","format-standard","hentry","category-entretenimiento"],"_links":{"self":[{"href":"https:\/\/2horizontes.com\/index.php?rest_route=\/wp\/v2\/posts\/2014","targetHints":{"allow":["GET"]}}],"collection":[{"href":"https:\/\/2horizontes.com\/index.php?rest_route=\/wp\/v2\/posts"}],"about":[{"href":"https:\/\/2horizontes.com\/index.php?rest_route=\/wp\/v2\/types\/post"}],"author":[{"embeddable":true,"href":"https:\/\/2horizontes.com\/index.php?rest_route=\/wp\/v2\/users\/1"}],"replies":[{"embeddable":true,"href":"https:\/\/2horizontes.com\/index.php?rest_route=%2Fwp%2Fv2%2Fcomments&post=2014"}],"version-history":[{"count":1,"href":"https:\/\/2horizontes.com\/index.php?rest_route=\/wp\/v2\/posts\/2014\/revisions"}],"predecessor-version":[{"id":2016,"href":"https:\/\/2horizontes.com\/index.php?rest_route=\/wp\/v2\/posts\/2014\/revisions\/2016"}],"wp:attachment":[{"href":"https:\/\/2horizontes.com\/index.php?rest_route=%2Fwp%2Fv2%2Fmedia&parent=2014"}],"wp:term":[{"taxonomy":"category","embeddable":true,"href":"https:\/\/2horizontes.com\/index.php?rest_route=%2Fwp%2Fv2%2Fcategories&post=2014"},{"taxonomy":"post_tag","embeddable":true,"href":"https:\/\/2horizontes.com\/index.php?rest_route=%2Fwp%2Fv2%2Ftags&post=2014"}],"curies":[{"name":"wp","href":"https:\/\/api.w.org\/{rel}","templated":true}]}}