{"id":20075,"date":"2015-08-12T12:56:48","date_gmt":"2015-08-12T11:56:48","guid":{"rendered":"http:\/\/2horizontes.com\/?p=20075"},"modified":"2015-08-12T13:13:11","modified_gmt":"2015-08-12T12:13:11","slug":"dilma-rousseff-apuesta-al-dialogo-para-superar-la-crisis","status":"publish","type":"post","link":"https:\/\/2horizontes.com\/?p=20075","title":{"rendered":"Dilma Rousseff apuesta al di\u00e1logo para superar la crisis"},"content":{"rendered":"<p><strong>Brasil\u00a0<\/strong><\/p>\n<p>El Gobierno de Dilma Rousseff apuesta por un di\u00e1logo con todos los sectores del pa\u00eds para superar la grave \u00abcrisis pol\u00edtica\u201d que \u00abcontamina\u201d a la econom\u00eda brasile\u00f1a, dijo ayer\u00a0 en una entrevista con EFE\u00a0 el ministro de Informaci\u00f3n, Edinho Silva.<\/p>\n<p>El clima pol\u00edtico en Brasil se ha enrarecido en los \u00faltimos meses al calor de los esc\u00e1ndalos de corrupci\u00f3n destapados en la empresa estatal energ\u00e9tica Petrobras, que salpican a varios de los partidos de la coalici\u00f3n de Gobierno y a una veintena de grandes empresas privadas.<\/p>\n<p>La investigaci\u00f3n de las corruptelas ha avanzado en medio de un proceso de deterioro de la econom\u00eda, que, seg\u00fan las proyecciones del Gobierno, este a\u00f1o se contraer\u00e1 cerca de un 1,5 %, lo que supondr\u00eda su peor resultado en cinco lustros, con un aumento de la inflaci\u00f3n y del desempleo, provocados por el enfriamiento del consumo.<\/p>\n<p>Esa situaci\u00f3n le ha dado alas a los sectores opositores, que han endurecido el discurso y convocado para el pr\u00f3ximo domingo a una gran protesta contra el Gobierno, similar a las realizadas en marzo y abril pasados, que llevaron a millones de personas a las calles. \u00abEl Gobierno observa esos movimientos y las manifestaciones que pueda haber con naturalidad\u201d y con \u00abrespeto\u201d frente a las cr\u00edticas de la sociedad, explic\u00f3 el ministro sobre esa convocatoria.<\/p>\n<p>Seg\u00fan Silva, \u00abel Gobierno tiene que dedicarse a gobernar\u201d y a crear las condiciones necesarias para una r\u00e1pida recuperaci\u00f3n de la maltrecha econom\u00eda nacional, que, en su opini\u00f3n, comenzar\u00e1 a enderezar el rumbo cuando hagan efecto las medidas contempladas en un plan de ajuste fiscal promovido por el Ejecutivo.<\/p>\n<p>El ajuste de las cuentas p\u00fablicas implica un fuerte recorte del gasto y tambi\u00e9n un aumento de la recaudaci\u00f3n por la v\u00eda tributaria. Sin embargo, muchas de las medidas contempladas en ese plan deben ser aprobadas por el Congreso, en el que hay ciertas resistencias, incluso en partidos que integran la coalici\u00f3n de Gobierno. \u00abEl problema es pol\u00edtico\u201d, dijo Silva, quien indic\u00f3 que la presidenta Rousseff apuesta a un profundo y continuo di\u00e1logo con el Parlamento para superar esas dificultades.<\/p>\n<p>Mencion\u00f3 como ejemplo una cena ofrecida el lunes por la noche por la Mandataria a los 43 senadores de la base oficialista, en la que participaron 21 de sus 39 ministros y en la que se insisti\u00f3 en la necesidad de que las medidas de ajuste sean aprobadas con celeridad.<\/p>\n<p>Edinho Silva garantiz\u00f3 que ese di\u00e1logo tambi\u00e9n se da en el Congreso con sectores de la oposici\u00f3n que \u00abson estadistas\u201d y \u00abcontribuyen al juego democr\u00e1tico\u201d.<\/p>\n<p>&nbsp;<\/p>\n<p>No obstante, subray\u00f3 que en el arco opositor existen otros grupos que \u00abs\u00f3lo quieren lo peor\u201d, lo cual dificulta el di\u00e1logo pues \u00abs\u00f3lo se puede dialogar con quien quiere hacerlo\u201d. Todo ello\u00a0\u00a0 repercuti\u00f3\u00a0 en la percepci\u00f3n que los brasile\u00f1os tienen de Rousseff, cuya tasa de aprobaci\u00f3n se sit\u00faa en un escaso 8 %. (EFE)<\/p>\n<p>&nbsp;<\/p>\n<p>Desde Brasilia<\/p>\n<p>Inversi\u00f3n La presidenta Dilma Rousseff anunci\u00f3 ayer oficialmente\u00a0\u00a0 un programa de inversiones dotado con 186.000 millones de reales (unos 53.900 millones de d\u00f3lares) y destinado a aumentar la capacidad de generaci\u00f3n de electricidad hasta el a\u00f1o 2018.<\/p>\n<p>Ind\u00edgenas La relatora de la ONU sobre pueblos ind\u00edgenas, Victoria Tauli-Corpuz, pidi\u00f3 ayer\u00a0 al Gobierno de Brasil que garantice los derechos del pueblo guaran\u00ed-kaiow\u00e1, tras recibir informaciones sobre el posible desalojo forzado de sus tierras ancestrales.<\/p>\n<p>F. Agencias.<\/p>\n","protected":false},"excerpt":{"rendered":"<p>Brasil\u00a0 El Gobierno de Dilma Rousseff apuesta por un di\u00e1logo con todos los sectores del pa\u00eds para superar la grave \u00abcrisis pol\u00edtica\u201d que \u00abcontamina\u201d a la econom\u00eda brasile\u00f1a, dijo ayer\u00a0 en una entrevista con EFE\u00a0 el ministro de Informaci\u00f3n, Edinho Silva. El clima pol\u00edtico en Brasil se ha enrarecido en los \u00faltimos meses al calor [&hellip;]<\/p>\n","protected":false},"author":7,"featured_media":20076,"comment_status":"open","ping_status":"open","sticky":false,"template":"","format":"standard","meta":{"footnotes":""},"categories":[40,43],"tags":[],"class_list":["post-20075","post","type-post","status-publish","format-standard","has-post-thumbnail","hentry","category-internacionales","category-politica"],"_links":{"self":[{"href":"https:\/\/2horizontes.com\/index.php?rest_route=\/wp\/v2\/posts\/20075","targetHints":{"allow":["GET"]}}],"collection":[{"href":"https:\/\/2horizontes.com\/index.php?rest_route=\/wp\/v2\/posts"}],"about":[{"href":"https:\/\/2horizontes.com\/index.php?rest_route=\/wp\/v2\/types\/post"}],"author":[{"embeddable":true,"href":"https:\/\/2horizontes.com\/index.php?rest_route=\/wp\/v2\/users\/7"}],"replies":[{"embeddable":true,"href":"https:\/\/2horizontes.com\/index.php?rest_route=%2Fwp%2Fv2%2Fcomments&post=20075"}],"version-history":[{"count":4,"href":"https:\/\/2horizontes.com\/index.php?rest_route=\/wp\/v2\/posts\/20075\/revisions"}],"predecessor-version":[{"id":20085,"href":"https:\/\/2horizontes.com\/index.php?rest_route=\/wp\/v2\/posts\/20075\/revisions\/20085"}],"wp:featuredmedia":[{"embeddable":true,"href":"https:\/\/2horizontes.com\/index.php?rest_route=\/wp\/v2\/media\/20076"}],"wp:attachment":[{"href":"https:\/\/2horizontes.com\/index.php?rest_route=%2Fwp%2Fv2%2Fmedia&parent=20075"}],"wp:term":[{"taxonomy":"category","embeddable":true,"href":"https:\/\/2horizontes.com\/index.php?rest_route=%2Fwp%2Fv2%2Fcategories&post=20075"},{"taxonomy":"post_tag","embeddable":true,"href":"https:\/\/2horizontes.com\/index.php?rest_route=%2Fwp%2Fv2%2Ftags&post=20075"}],"curies":[{"name":"wp","href":"https:\/\/api.w.org\/{rel}","templated":true}]}}