{"id":20068,"date":"2015-08-12T12:33:32","date_gmt":"2015-08-12T11:33:32","guid":{"rendered":"http:\/\/2horizontes.com\/?p=20068"},"modified":"2015-08-12T12:33:32","modified_gmt":"2015-08-12T11:33:32","slug":"haiti-dio-primeros-pasos-para-renovacion-democratica-en-elecciones-segun-ue","status":"publish","type":"post","link":"https:\/\/2horizontes.com\/?p=20068","title":{"rendered":"Hait\u00ed dio primeros pasos para renovaci\u00f3n democr\u00e1tica en elecciones, seg\u00fan UE"},"content":{"rendered":"<div id=\"ArticleAuthorDiv\" class=\"article-body-author\"><b>EFE<\/b><\/div>\n<div id=\"ArticleSourceDiv\" class=\"article-body-author\"><b>Puerto Pr\u00edncipe<\/b><\/div>\n<div id=\"ArticleBody\">\n<p>La jefa de la Misi\u00f3n de Observaci\u00f3n de la Uni\u00f3n Europea (MOE-UE) en Hait\u00ed, Elena Valenciano, cree que el pa\u00eds \u00abha dado un primer paso hacia la renovaci\u00f3n de su democracia\u00bb y a pese a la baja participaci\u00f3n algunas irregularidades e incidentes registrados durante la jornada electoral del domingo.<\/p>\n<p>En la rueda de prensa que ofreci\u00f3 ayer para presentar la evaluaci\u00f3n final de la Misi\u00f3n, que observa el proceso electoral desde el 12 de julio, Valenciano reconoci\u00f3 que \u00abla participaci\u00f3n no ha sido muy alta\u00bb, pero destac\u00f3 el hecho de que \u00abesta vez han participado todos los partidos, sin exclusiones, y ha habido una entidad independiente que ha garantizado el proceso\u00bb.<\/p>\n<p>A pesar de las tres muertes registradas durante la jornada electoral en la localidad norte\u00f1a de Dondon y del cierre de decenas de centros de votaci\u00f3n, la observadora de la UE cree que \u00ablos incidentes y las irregularidades no han hecho descarrilar las elecciones\u00bb.<\/p>\n<p>\u00abTodo es mucho m\u00e1s dif\u00edcil aqu\u00ed y, sin embargo, podemos decir que ha culminado con \u00e9xito el proceso\u00bb, dijo Valenciano, que opin\u00f3 que con las elecciones del domingo, en la que 5,8 millones de personas estaban habilitadas para votar, \u00abse ha dado un primer paso muy importante\u00bb para la democracia haitiana.<\/p>\n<p>Adem\u00e1s, Valenciano se\u00f1al\u00f3 la importancia de que \u00ablas autoridades completen las etapas finales de proceso con la mayor transparencia\u00bb.<\/p>\n<p>Seg\u00fan los datos preliminares de la MOE-UE, la tasa de participaci\u00f3n fue baja, similar a la primera vuelta de las elecciones 2010-2011, y el Consejo Electoral Provisional (CEP) mostr\u00f3, en general, buena organizaci\u00f3n a nivel central y en las Oficinas Electorales Departamentales y comunal (CAMA y BEC).<\/p>\n<p>La MOE-UE considera en su informe que el marco jur\u00eddico de Hait\u00ed permite la celebraci\u00f3n de elecciones seg\u00fan las normas y obligaciones internacionales.<\/p>\n<p>A\u00fan as\u00ed, advierte de que persisten ciertas lagunas y ambig\u00fcedades en su normativa, sobre todo en t\u00e9rminos de registro de candidatos, las disputas electorales y la revisi\u00f3n judicial de las decisiones del CEP.<\/p>\n<p>Los observadores del organismo europeo se desplegaron por todo el pa\u00eds y durante la jornada postelectoral de ayer se reunieron para compilar los datos recabados en las elecciones para presentarlos ante los medios esta ma\u00f1ana, en un acto celebrado en el Hotel Oasis de Puerto Pr\u00edncipe.<\/p>\n<p>Valenciano se\u00f1al\u00f3 que existe \u00abun cierto cansancio en la comunidad internacional para seguir ayudando al pa\u00eds\u00bb despu\u00e9s de haber transcurrido m\u00e1s de cinco a\u00f1os desde el terremoto que lo devast\u00f3, pero consider\u00f3 que \u00ablos haitianos est\u00e1n decididos a salir adelante\u00bb y que \u00abno podr\u00e1n hacerlo solos\u00bb.<\/p>\n<p>Hait\u00ed celebr\u00f3 el domingo la primera vuelta de las elecciones legislativas, ocho meses despu\u00e9s de que fuera disuelto el Parlamento y con una tardanza de m\u00e1s de tres a\u00f1os para la celebraci\u00f3n de estos comicios.<\/p>\n<p>En estas elecciones legislativas, previas a las presidenciales del pr\u00f3ximo 25 de octubre, se designar\u00e1n a 20 de los 30 miembros del Senado y a la totalidad de los 119 esca\u00f1os de la C\u00e1mara de Diputados.<\/p>\n<p>Seg\u00fan las autoridades, los resultados de los comicios se conocer\u00edan en seis u ocho d\u00edas.<\/p>\n<\/div>\n","protected":false},"excerpt":{"rendered":"<p>EFE Puerto Pr\u00edncipe La jefa de la Misi\u00f3n de Observaci\u00f3n de la Uni\u00f3n Europea (MOE-UE) en Hait\u00ed, Elena Valenciano, cree que el pa\u00eds \u00abha dado un primer paso hacia la renovaci\u00f3n de su democracia\u00bb y a pese a la baja participaci\u00f3n algunas irregularidades e incidentes registrados durante la jornada electoral del domingo. En la rueda [&hellip;]<\/p>\n","protected":false},"author":7,"featured_media":20069,"comment_status":"open","ping_status":"open","sticky":false,"template":"","format":"standard","meta":{"footnotes":""},"categories":[47,40,43],"tags":[],"class_list":["post-20068","post","type-post","status-publish","format-standard","has-post-thumbnail","hentry","category-haiti","category-internacionales","category-politica"],"_links":{"self":[{"href":"https:\/\/2horizontes.com\/index.php?rest_route=\/wp\/v2\/posts\/20068","targetHints":{"allow":["GET"]}}],"collection":[{"href":"https:\/\/2horizontes.com\/index.php?rest_route=\/wp\/v2\/posts"}],"about":[{"href":"https:\/\/2horizontes.com\/index.php?rest_route=\/wp\/v2\/types\/post"}],"author":[{"embeddable":true,"href":"https:\/\/2horizontes.com\/index.php?rest_route=\/wp\/v2\/users\/7"}],"replies":[{"embeddable":true,"href":"https:\/\/2horizontes.com\/index.php?rest_route=%2Fwp%2Fv2%2Fcomments&post=20068"}],"version-history":[{"count":1,"href":"https:\/\/2horizontes.com\/index.php?rest_route=\/wp\/v2\/posts\/20068\/revisions"}],"predecessor-version":[{"id":20070,"href":"https:\/\/2horizontes.com\/index.php?rest_route=\/wp\/v2\/posts\/20068\/revisions\/20070"}],"wp:featuredmedia":[{"embeddable":true,"href":"https:\/\/2horizontes.com\/index.php?rest_route=\/wp\/v2\/media\/20069"}],"wp:attachment":[{"href":"https:\/\/2horizontes.com\/index.php?rest_route=%2Fwp%2Fv2%2Fmedia&parent=20068"}],"wp:term":[{"taxonomy":"category","embeddable":true,"href":"https:\/\/2horizontes.com\/index.php?rest_route=%2Fwp%2Fv2%2Fcategories&post=20068"},{"taxonomy":"post_tag","embeddable":true,"href":"https:\/\/2horizontes.com\/index.php?rest_route=%2Fwp%2Fv2%2Ftags&post=20068"}],"curies":[{"name":"wp","href":"https:\/\/api.w.org\/{rel}","templated":true}]}}