{"id":20052,"date":"2015-08-12T12:06:10","date_gmt":"2015-08-12T11:06:10","guid":{"rendered":"http:\/\/2horizontes.com\/?p=20052"},"modified":"2015-08-12T12:06:10","modified_gmt":"2015-08-12T11:06:10","slug":"fao-alerta-de-efectos-de-sequia-sobre-seguridad-alimentaria-en-centroamerica","status":"publish","type":"post","link":"https:\/\/2horizontes.com\/?p=20052","title":{"rendered":"FAO alerta de efectos de sequ\u00eda sobre seguridad alimentaria en Centroam\u00e9rica"},"content":{"rendered":"<div id=\"ArticleAuthorDiv\" class=\"article-body-author\"><b>EFE<\/b><\/div>\n<div id=\"ArticleSourceDiv\" class=\"article-body-author\">La Organizaci\u00f3n de las Naciones Unidas para la Alimentaci\u00f3n y la Agricultura (FAO) inst\u00f3 a los Gobiernos centroamericanos a tomar medidas que minimicen los efectos negativos que la sequ\u00eda est\u00e1 teniendo sobre la seguridad alimentaria de esos pa\u00edses, inform\u00f3 ayer el organismo.<\/div>\n<div id=\"ArticleBody\">\n<p>\u00abEs indispensable que los pa\u00edses y la comunidad internacional prioricen recursos para hacer frente a las consecuencias que la irregularidad y la insuficiencia de precipitaciones generan en los pa\u00edses centroamericanos\u00bb, afirm\u00f3 a Efe el coordinador de la Oficina Subregional de la FAO para Mesoam\u00e9rica, Ignacio Rivera.<\/p>\n<p>La sequ\u00eda, provocada por el fen\u00f3meno de El Ni\u00f1o, es especialmente acuciante en una zona que se conoce como el Corredor Seco Centroamericano, un enorme territorio que abarca las costas pac\u00edficas de Guatemala, El Salvador, Honduras, Nicaragua, Costa Rica y Panam\u00e1, a\u00f1adi\u00f3 Rivera.<\/p>\n<p>La falta de lluvias, seg\u00fan explic\u00f3 el coordinador de la FAO, est\u00e1 provocando un \u00abdeterioro continuo de las condiciones de vida\u00bb del mill\u00f3n de familias que viven en esa zona y que se dedican principalmente a la agricultura de subsistencia.<\/p>\n<p>\u00abLos niveles de pobreza y desnutrici\u00f3n de la poblaci\u00f3n, junto con las amenazas clim\u00e1ticas recurrentes, hacen que el Corredor Seco sea una de las \u00e1reas del mundo con mayor riesgo de inseguridad alimentaria\u00bb, dijo Rivera en una conversaci\u00f3n telef\u00f3nica con Efe.<\/p>\n<p>La escasez y la subida de precios derivados de la sequ\u00eda agravan la pobreza de una regi\u00f3n que ya de por s\u00ed tiene unos \u00edndices de subalimentaci\u00f3n cercanos al 15 %. En el resto de Am\u00e9rica Latina, sin embargo, el promedio es del 7,9 %.<\/p>\n<p>\u00abEs altamente preocupante que la mayor\u00eda de las familias, en condici\u00f3n de pobreza e inseguridad alimentaria, deban absorber estos impactos con sus escasos recursos y medios de vida poco diversificados\u00bb, advirti\u00f3 el coordinador regional.<\/p>\n<\/div>\n","protected":false},"excerpt":{"rendered":"<p>EFE La Organizaci\u00f3n de las Naciones Unidas para la Alimentaci\u00f3n y la Agricultura (FAO) inst\u00f3 a los Gobiernos centroamericanos a tomar medidas que minimicen los efectos negativos que la sequ\u00eda est\u00e1 teniendo sobre la seguridad alimentaria de esos pa\u00edses, inform\u00f3 ayer el organismo. \u00abEs indispensable que los pa\u00edses y la comunidad internacional prioricen recursos para [&hellip;]<\/p>\n","protected":false},"author":7,"featured_media":20053,"comment_status":"open","ping_status":"open","sticky":false,"template":"","format":"standard","meta":{"footnotes":""},"categories":[40,45],"tags":[],"class_list":["post-20052","post","type-post","status-publish","format-standard","has-post-thumbnail","hentry","category-internacionales","category-salud"],"_links":{"self":[{"href":"https:\/\/2horizontes.com\/index.php?rest_route=\/wp\/v2\/posts\/20052","targetHints":{"allow":["GET"]}}],"collection":[{"href":"https:\/\/2horizontes.com\/index.php?rest_route=\/wp\/v2\/posts"}],"about":[{"href":"https:\/\/2horizontes.com\/index.php?rest_route=\/wp\/v2\/types\/post"}],"author":[{"embeddable":true,"href":"https:\/\/2horizontes.com\/index.php?rest_route=\/wp\/v2\/users\/7"}],"replies":[{"embeddable":true,"href":"https:\/\/2horizontes.com\/index.php?rest_route=%2Fwp%2Fv2%2Fcomments&post=20052"}],"version-history":[{"count":1,"href":"https:\/\/2horizontes.com\/index.php?rest_route=\/wp\/v2\/posts\/20052\/revisions"}],"predecessor-version":[{"id":20054,"href":"https:\/\/2horizontes.com\/index.php?rest_route=\/wp\/v2\/posts\/20052\/revisions\/20054"}],"wp:featuredmedia":[{"embeddable":true,"href":"https:\/\/2horizontes.com\/index.php?rest_route=\/wp\/v2\/media\/20053"}],"wp:attachment":[{"href":"https:\/\/2horizontes.com\/index.php?rest_route=%2Fwp%2Fv2%2Fmedia&parent=20052"}],"wp:term":[{"taxonomy":"category","embeddable":true,"href":"https:\/\/2horizontes.com\/index.php?rest_route=%2Fwp%2Fv2%2Fcategories&post=20052"},{"taxonomy":"post_tag","embeddable":true,"href":"https:\/\/2horizontes.com\/index.php?rest_route=%2Fwp%2Fv2%2Ftags&post=20052"}],"curies":[{"name":"wp","href":"https:\/\/api.w.org\/{rel}","templated":true}]}}