{"id":20049,"date":"2015-08-12T12:01:20","date_gmt":"2015-08-12T11:01:20","guid":{"rendered":"http:\/\/2horizontes.com\/?p=20049"},"modified":"2015-08-12T12:07:14","modified_gmt":"2015-08-12T11:07:14","slug":"avanza-marcha-contra-presidente-correa","status":"publish","type":"post","link":"https:\/\/2horizontes.com\/?p=20049","title":{"rendered":"Avanza marcha contra presidente Correa"},"content":{"rendered":"<div id=\"ArticleAuthorDiv\" class=\"article-body-author\"><strong>AFP<\/strong><\/div>\n<div id=\"ArticleSourceDiv\" class=\"article-body-author\"><strong>La Paz, Bolivia<\/strong><\/div>\n<div class=\"article-body-author\"><\/div>\n<div id=\"ArticleBody\">\n<p>Despu\u00e9s de diez d\u00edas de caminata, ninguno repara en la fatiga o el escaso apoyo que les achaca el gobierno.<\/p>\n<p>\u201cRafael Correa ofendi\u00f3 al pueblo ind\u00edgena\u201d, repiten como mantra cientos de nativos, muchos exseguidores del presidente, al ingresar a Quito la tarde del martes para sumarse a una huelga opositora.<\/p>\n<p>Los quichuas y saraguros, que partieron el 2 de agosto desde el sur del pa\u00eds, recorrieron 800 km a pie y en auto hasta alcanzar su destino. En la capital, esperan hacer o\u00edr como pocas veces su reclamo contra Correa, el presidente izquierdista que, seg\u00fan ellos, dividi\u00f3 al movimiento ind\u00edgena con ofrecimientos a algunos de sus l\u00edderes y cr\u00edticas feroces a quienes no se le plegaron.Sin embargo, ya no son la fuerza capaz de tumbar gobiernos con sus levantamientos (protestas progresivas sin armas) ni llenan las calles como en los noventa.<\/p>\n<p>Aun as\u00ed, los cerca de 250 manifestantes de la Confederaci\u00f3n de Nacionalidades Ind\u00edgenas marcharon alegres entonando cantos y saludando a los espont\u00e1neos que los auparon en su trayecto hacia Quito.<\/p>\n<\/div>\n","protected":false},"excerpt":{"rendered":"<p>AFP La Paz, Bolivia Despu\u00e9s de diez d\u00edas de caminata, ninguno repara en la fatiga o el escaso apoyo que les achaca el gobierno. \u201cRafael Correa ofendi\u00f3 al pueblo ind\u00edgena\u201d, repiten como mantra cientos de nativos, muchos exseguidores del presidente, al ingresar a Quito la tarde del martes para sumarse a una huelga opositora. Los [&hellip;]<\/p>\n","protected":false},"author":7,"featured_media":20050,"comment_status":"open","ping_status":"open","sticky":false,"template":"","format":"standard","meta":{"footnotes":""},"categories":[40,43],"tags":[],"class_list":["post-20049","post","type-post","status-publish","format-standard","has-post-thumbnail","hentry","category-internacionales","category-politica"],"_links":{"self":[{"href":"https:\/\/2horizontes.com\/index.php?rest_route=\/wp\/v2\/posts\/20049","targetHints":{"allow":["GET"]}}],"collection":[{"href":"https:\/\/2horizontes.com\/index.php?rest_route=\/wp\/v2\/posts"}],"about":[{"href":"https:\/\/2horizontes.com\/index.php?rest_route=\/wp\/v2\/types\/post"}],"author":[{"embeddable":true,"href":"https:\/\/2horizontes.com\/index.php?rest_route=\/wp\/v2\/users\/7"}],"replies":[{"embeddable":true,"href":"https:\/\/2horizontes.com\/index.php?rest_route=%2Fwp%2Fv2%2Fcomments&post=20049"}],"version-history":[{"count":2,"href":"https:\/\/2horizontes.com\/index.php?rest_route=\/wp\/v2\/posts\/20049\/revisions"}],"predecessor-version":[{"id":20056,"href":"https:\/\/2horizontes.com\/index.php?rest_route=\/wp\/v2\/posts\/20049\/revisions\/20056"}],"wp:featuredmedia":[{"embeddable":true,"href":"https:\/\/2horizontes.com\/index.php?rest_route=\/wp\/v2\/media\/20050"}],"wp:attachment":[{"href":"https:\/\/2horizontes.com\/index.php?rest_route=%2Fwp%2Fv2%2Fmedia&parent=20049"}],"wp:term":[{"taxonomy":"category","embeddable":true,"href":"https:\/\/2horizontes.com\/index.php?rest_route=%2Fwp%2Fv2%2Fcategories&post=20049"},{"taxonomy":"post_tag","embeddable":true,"href":"https:\/\/2horizontes.com\/index.php?rest_route=%2Fwp%2Fv2%2Ftags&post=20049"}],"curies":[{"name":"wp","href":"https:\/\/api.w.org\/{rel}","templated":true}]}}