{"id":20046,"date":"2015-08-12T11:55:32","date_gmt":"2015-08-12T10:55:32","guid":{"rendered":"http:\/\/2horizontes.com\/?p=20046"},"modified":"2015-08-12T11:55:32","modified_gmt":"2015-08-12T10:55:32","slug":"maduro-acusa-a-eeuu-de-promover-sabotaje-en-venezuela","status":"publish","type":"post","link":"https:\/\/2horizontes.com\/?p=20046","title":{"rendered":"Maduro acusa a EEUU de promover sabotaje en Venezuela"},"content":{"rendered":"<div id=\"ArticleAuthorDiv\" class=\"article-body-author\"><b>AP<\/b><\/div>\n<div id=\"ArticleSourceDiv\" class=\"article-body-author\"><b>CARACAS, Venezuela<\/b><\/div>\n<div id=\"ArticleBody\">\n<p>El presidente de Venezuela, Nicol\u00e1s Maduro, afirm\u00f3 que el Comando Sur habr\u00eda colocado funcionarios en la embajada de Estados Unidos en Caracas para promover acciones desestabilizadoras contra el pa\u00eds sudamericano, una acusaci\u00f3n que se da en medio de un proceso de acercamiento entre los dos gobiernos.<\/p>\n<p>\u00abTengo pruebas de como el Comando Sur personalmente ha colocado funcionarios en la embajada de los Estados Unidos en Venezuela para dirigir el &#8216;Plan Buitre&#8217; de sabotaje a la econom\u00eda y de violencia\u00bb, dijo Maduro durante una reuni\u00f3n del Consejo Pol\u00edtico del ALBA en la Canciller\u00eda.<\/p>\n<p>El mandatario indic\u00f3 que las pruebas ser\u00e1n presentadas en una comisi\u00f3n especial con representantes de Washington que se instaurar\u00e1 en los pr\u00f3ximos d\u00edas, seg\u00fan rese\u00f1\u00f3 la Agencia Venezolana de Noticias, de propiedad estatal.<\/p>\n<p>La AP solicit\u00f3 a la Embajada de Estados Unidos en Caracas una reacci\u00f3n sobre las declaraciones del mandatario, pero no hubo comentarios de momento.<\/p>\n<p>Las afirmaciones de Maduro llegan pocos d\u00edas despu\u00e9s de que la Canciller\u00eda rechaz\u00f3 unas declaraciones de un funcionario del Departamento de Estado estadounidense en las que expresaba preocupaci\u00f3n por la inhabilitaci\u00f3n de seis opositores que hab\u00edan sido propuestos como candidatos para las elecciones parlamentarias de diciembre.<\/p>\n<p>A ra\u00edz de los saqueos en unos comercios registrados a finales de julio en la localidad suroriental de San F\u00e9lix, Maduro mencion\u00f3 unas declaraciones realizadas hace unos meses por el jefe del Comando Sur de Estados Unidos, el general John Kelly, en una sesi\u00f3n del Congreso sobre el riesgo de un colapso en Venezuela.<\/p>\n<p>\u00abUstedes saben que un general del ej\u00e9rcito de Estados Unidos no vaticina, ordena, ejecuta, act\u00faa, y la derecha maltrecha venezolana (sus opositores) ejecuta\u00bb, sostuvo el gobernante.<\/p>\n<p>Durante sus dos a\u00f1os en el cargo, Maduro ha se\u00f1alado en varias ocasiones a Estados Unidos por promover acciones contra su gobierno.<\/p>\n<p>Venezuela est\u00e1 sumida en una compleja crisis econ\u00f3mica caracterizada por una galopante inflaci\u00f3n y severos problemas de desabastecimiento de algunos bienes.<\/p>\n<p>Algunos opositores han expresado que los saqueos a comercios y otras instalaciones en los \u00faltimos d\u00edas responden al descontento que habr\u00eda entre la poblaci\u00f3n por los problemas econ\u00f3micos, pero las autoridades sostienen que esas acciones forman parte de un complot contra el gobierno.<\/p>\n<p>Caracas y Washington iniciaron en abril un proceso de acercamiento con la visita al pa\u00eds del alto diplom\u00e1tico estadounidense Thomas Shannon, quien en los \u00faltimos meses ha mantenido encuentros con las autoridades venezolanas.<\/p>\n<p>Las relaciones entre ambos pa\u00edses entraron en crisis en marzo luego de que el presidente Barack Obama declar\u00f3 a Venezuela una amenaza extraordinaria para la seguridad nacional y decidi\u00f3 congelar los bienes de siete funcionarios del pa\u00eds se\u00f1alados por supuestas violaciones a los derechos humanos y corrupci\u00f3n. Las tensiones entre los dos gobiernos se han disipado en los \u00faltimos meses.<\/p>\n<p>A pesar de las fricciones, y de estar sin embajador desde 2010, ambos pa\u00edses mantienen un intenso intercambio comercial.<\/p>\n<\/div>\n","protected":false},"excerpt":{"rendered":"<p>AP CARACAS, Venezuela El presidente de Venezuela, Nicol\u00e1s Maduro, afirm\u00f3 que el Comando Sur habr\u00eda colocado funcionarios en la embajada de Estados Unidos en Caracas para promover acciones desestabilizadoras contra el pa\u00eds sudamericano, una acusaci\u00f3n que se da en medio de un proceso de acercamiento entre los dos gobiernos. \u00abTengo pruebas de como el Comando [&hellip;]<\/p>\n","protected":false},"author":7,"featured_media":20047,"comment_status":"open","ping_status":"open","sticky":false,"template":"","format":"standard","meta":{"footnotes":""},"categories":[40,43],"tags":[],"class_list":["post-20046","post","type-post","status-publish","format-standard","has-post-thumbnail","hentry","category-internacionales","category-politica"],"_links":{"self":[{"href":"https:\/\/2horizontes.com\/index.php?rest_route=\/wp\/v2\/posts\/20046","targetHints":{"allow":["GET"]}}],"collection":[{"href":"https:\/\/2horizontes.com\/index.php?rest_route=\/wp\/v2\/posts"}],"about":[{"href":"https:\/\/2horizontes.com\/index.php?rest_route=\/wp\/v2\/types\/post"}],"author":[{"embeddable":true,"href":"https:\/\/2horizontes.com\/index.php?rest_route=\/wp\/v2\/users\/7"}],"replies":[{"embeddable":true,"href":"https:\/\/2horizontes.com\/index.php?rest_route=%2Fwp%2Fv2%2Fcomments&post=20046"}],"version-history":[{"count":1,"href":"https:\/\/2horizontes.com\/index.php?rest_route=\/wp\/v2\/posts\/20046\/revisions"}],"predecessor-version":[{"id":20048,"href":"https:\/\/2horizontes.com\/index.php?rest_route=\/wp\/v2\/posts\/20046\/revisions\/20048"}],"wp:featuredmedia":[{"embeddable":true,"href":"https:\/\/2horizontes.com\/index.php?rest_route=\/wp\/v2\/media\/20047"}],"wp:attachment":[{"href":"https:\/\/2horizontes.com\/index.php?rest_route=%2Fwp%2Fv2%2Fmedia&parent=20046"}],"wp:term":[{"taxonomy":"category","embeddable":true,"href":"https:\/\/2horizontes.com\/index.php?rest_route=%2Fwp%2Fv2%2Fcategories&post=20046"},{"taxonomy":"post_tag","embeddable":true,"href":"https:\/\/2horizontes.com\/index.php?rest_route=%2Fwp%2Fv2%2Ftags&post=20046"}],"curies":[{"name":"wp","href":"https:\/\/api.w.org\/{rel}","templated":true}]}}