{"id":19975,"date":"2015-08-11T17:53:37","date_gmt":"2015-08-11T16:53:37","guid":{"rendered":"http:\/\/2horizontes.com\/?p=19975"},"modified":"2015-08-11T17:53:37","modified_gmt":"2015-08-11T16:53:37","slug":"apresan-hombre-que-persiguio-y-mato-otro-a-tiros-en-santiago","status":"publish","type":"post","link":"https:\/\/2horizontes.com\/?p=19975","title":{"rendered":"Apresan hombre que persigui\u00f3 y mat\u00f3 otro a tiros en Santiago"},"content":{"rendered":"<p>RD- SANTIAGO-La Direcci\u00f3n Regional Cibao Central de la Polic\u00eda Nacional inform\u00f3 hoy sobre el apresamiento de un hombre que en agosto del pasado a\u00f1o mat\u00f3 a tiros a otro en el sector La Joya, de esta ciudad.<\/p>\n<p>El apresado es Luis Joel B\u00e1ez Ventura, apodado El Pato, de 29 a\u00f1os, residente en la calle San Francisco de As\u00eds, del sector Baracoa, quien, de acuerdo a una nota de la uniformada, el 18 de agosto de 2014 ultim\u00f3 de un tiro en la espalda a Pedro Agust\u00edn Pichardo G\u00f3mez, alias Ram\u00f3n y\/o Chamo, de 19 a\u00f1os, quien resid\u00eda en la calle General Valverde, del sector La Cambronal.<\/p>\n<p>\u201cEl Pato, quien estaba siendo buscado mediante auto de orden de arresto No. 5264-2015, andaba con otras personas a bordo de un carro blanco sin m\u00e1s datos, y persigui\u00f3 a la v\u00edctima quien era acompa\u00f1ado de otro hombre a bordo de una motocicleta y al darle alcance en la calle HR Grisel del indicado sector le dispar\u00f3\u201d, indica la nota policial.<\/p>\n<p>Por este hecho La Polic\u00eda investig\u00f3 a Julio Regalado P\u00e9rez, alias Julito, quien era el acompa\u00f1ante de la v\u00edctima al momento de ocurrir el homicidio. La nota no explica las razones por las que alegadamente el hombre mat\u00f3 a la v\u00edctima.<\/p>\n<p>B\u00e1ez Ventura, quien ser\u00e1 puesto a disposici\u00f3n de la justicia, figura con una ficha por drogas del 18 de octubre del 2010.<\/p>\n<p>&nbsp;<\/p>\n","protected":false},"excerpt":{"rendered":"<p>RD- SANTIAGO-La Direcci\u00f3n Regional Cibao Central de la Polic\u00eda Nacional inform\u00f3 hoy sobre el apresamiento de un hombre que en agosto del pasado a\u00f1o mat\u00f3 a tiros a otro en el sector La Joya, de esta ciudad. El apresado es Luis Joel B\u00e1ez Ventura, apodado El Pato, de 29 a\u00f1os, residente en la calle San [&hellip;]<\/p>\n","protected":false},"author":8,"featured_media":19976,"comment_status":"open","ping_status":"open","sticky":false,"template":"","format":"standard","meta":{"footnotes":""},"categories":[53,44],"tags":[],"class_list":["post-19975","post","type-post","status-publish","format-standard","has-post-thumbnail","hentry","category-provincias","category-republica-dominicana"],"_links":{"self":[{"href":"https:\/\/2horizontes.com\/index.php?rest_route=\/wp\/v2\/posts\/19975","targetHints":{"allow":["GET"]}}],"collection":[{"href":"https:\/\/2horizontes.com\/index.php?rest_route=\/wp\/v2\/posts"}],"about":[{"href":"https:\/\/2horizontes.com\/index.php?rest_route=\/wp\/v2\/types\/post"}],"author":[{"embeddable":true,"href":"https:\/\/2horizontes.com\/index.php?rest_route=\/wp\/v2\/users\/8"}],"replies":[{"embeddable":true,"href":"https:\/\/2horizontes.com\/index.php?rest_route=%2Fwp%2Fv2%2Fcomments&post=19975"}],"version-history":[{"count":1,"href":"https:\/\/2horizontes.com\/index.php?rest_route=\/wp\/v2\/posts\/19975\/revisions"}],"predecessor-version":[{"id":19977,"href":"https:\/\/2horizontes.com\/index.php?rest_route=\/wp\/v2\/posts\/19975\/revisions\/19977"}],"wp:featuredmedia":[{"embeddable":true,"href":"https:\/\/2horizontes.com\/index.php?rest_route=\/wp\/v2\/media\/19976"}],"wp:attachment":[{"href":"https:\/\/2horizontes.com\/index.php?rest_route=%2Fwp%2Fv2%2Fmedia&parent=19975"}],"wp:term":[{"taxonomy":"category","embeddable":true,"href":"https:\/\/2horizontes.com\/index.php?rest_route=%2Fwp%2Fv2%2Fcategories&post=19975"},{"taxonomy":"post_tag","embeddable":true,"href":"https:\/\/2horizontes.com\/index.php?rest_route=%2Fwp%2Fv2%2Ftags&post=19975"}],"curies":[{"name":"wp","href":"https:\/\/api.w.org\/{rel}","templated":true}]}}