{"id":19965,"date":"2015-08-11T17:29:56","date_gmt":"2015-08-11T16:29:56","guid":{"rendered":"http:\/\/2horizontes.com\/?p=19965"},"modified":"2015-08-11T17:29:56","modified_gmt":"2015-08-11T16:29:56","slug":"revelan-400-medicos-cobran-sin-trabajar-rd-santiago","status":"publish","type":"post","link":"https:\/\/2horizontes.com\/?p=19965","title":{"rendered":"Revelan 400 m\u00e9dicos cobran sin trabajar RD Santiago"},"content":{"rendered":"<p><strong>RD-Santiago. U<\/strong>na auditor\u00eda de Salud P\u00fablica revel\u00f3 que unos 400 empleados del hospital Jos\u00e9 Mar\u00eda Cabral y B\u00e1ez, entre ellos m\u00e9dicos, enfermeras y de administraci\u00f3n, cobran sin ejercer sus funciones.<\/p>\n<p>La informaci\u00f3n fue confirmada por la directora regional del Ministerio de Salud P\u00fablica en Santiago, Austria de la Rosa quien revel\u00f3 que en estos momentos se est\u00e1 evaluando la situaci\u00f3n para determinar cu\u00e1les acciones tomar\u00e1n para corregir el problema.<\/p>\n<p>Durante rueda de prensa, la funcionaria se\u00f1al\u00f3 que en varios casos que se presentan, enfermeras y m\u00e9dicos se han marchado del pa\u00eds, y colocan en su lugar a otra persona de manera irregular.<\/p>\n<p>De su lado, el director del hospital Cabral y B\u00e1ez, Ernesto Rodr\u00edguez, prometi\u00f3 que esas anomal\u00edas ser\u00e1n corregidas lo m\u00e1s pronto posible. En este proceso, seg\u00fan las autoridades del Ministerio de Salud P\u00fablica, todo aquel que est\u00e9 cobrando sin trabajar, definitivamente ser\u00e1 despedido<\/p>\n","protected":false},"excerpt":{"rendered":"<p>RD-Santiago. Una auditor\u00eda de Salud P\u00fablica revel\u00f3 que unos 400 empleados del hospital Jos\u00e9 Mar\u00eda Cabral y B\u00e1ez, entre ellos m\u00e9dicos, enfermeras y de administraci\u00f3n, cobran sin ejercer sus funciones. La informaci\u00f3n fue confirmada por la directora regional del Ministerio de Salud P\u00fablica en Santiago, Austria de la Rosa quien revel\u00f3 que en estos momentos [&hellip;]<\/p>\n","protected":false},"author":8,"featured_media":19966,"comment_status":"open","ping_status":"open","sticky":false,"template":"","format":"standard","meta":{"footnotes":""},"categories":[84,53,44],"tags":[],"class_list":["post-19965","post","type-post","status-publish","format-standard","has-post-thumbnail","hentry","category-otras-noticias","category-provincias","category-republica-dominicana"],"_links":{"self":[{"href":"https:\/\/2horizontes.com\/index.php?rest_route=\/wp\/v2\/posts\/19965","targetHints":{"allow":["GET"]}}],"collection":[{"href":"https:\/\/2horizontes.com\/index.php?rest_route=\/wp\/v2\/posts"}],"about":[{"href":"https:\/\/2horizontes.com\/index.php?rest_route=\/wp\/v2\/types\/post"}],"author":[{"embeddable":true,"href":"https:\/\/2horizontes.com\/index.php?rest_route=\/wp\/v2\/users\/8"}],"replies":[{"embeddable":true,"href":"https:\/\/2horizontes.com\/index.php?rest_route=%2Fwp%2Fv2%2Fcomments&post=19965"}],"version-history":[{"count":1,"href":"https:\/\/2horizontes.com\/index.php?rest_route=\/wp\/v2\/posts\/19965\/revisions"}],"predecessor-version":[{"id":19967,"href":"https:\/\/2horizontes.com\/index.php?rest_route=\/wp\/v2\/posts\/19965\/revisions\/19967"}],"wp:featuredmedia":[{"embeddable":true,"href":"https:\/\/2horizontes.com\/index.php?rest_route=\/wp\/v2\/media\/19966"}],"wp:attachment":[{"href":"https:\/\/2horizontes.com\/index.php?rest_route=%2Fwp%2Fv2%2Fmedia&parent=19965"}],"wp:term":[{"taxonomy":"category","embeddable":true,"href":"https:\/\/2horizontes.com\/index.php?rest_route=%2Fwp%2Fv2%2Fcategories&post=19965"},{"taxonomy":"post_tag","embeddable":true,"href":"https:\/\/2horizontes.com\/index.php?rest_route=%2Fwp%2Fv2%2Ftags&post=19965"}],"curies":[{"name":"wp","href":"https:\/\/api.w.org\/{rel}","templated":true}]}}