{"id":19945,"date":"2015-08-11T16:32:26","date_gmt":"2015-08-11T15:32:26","guid":{"rendered":"http:\/\/2horizontes.com\/?p=19945"},"modified":"2015-08-11T16:32:26","modified_gmt":"2015-08-11T15:32:26","slug":"scj-fallara-hoy-apelacion-procurador-de-no-ha-lugar-a-favor-felix-bautista","status":"publish","type":"post","link":"https:\/\/2horizontes.com\/?p=19945","title":{"rendered":"SCJ fallar\u00e1 hoy apelaci\u00f3n Procurador de No Ha Lugar a favor F\u00e9lix Bautista"},"content":{"rendered":"<p>RD-SANTO DOMINGO.- La Segunda Sala de la Suprema Corte de Justicia fallar\u00e1 a las 10:00 de la ma\u00f1ana de este martes un recurso de apelaci\u00f3n incoado por el procurador general de la Rep\u00fablica, Francisco Dom\u00ednguez Brito, en contra del auto de No Ha Lugar a favor del senador F\u00e9lix Bautista y otros seis acusados de corrupci\u00f3n.<\/p>\n<p>Los jueces convocaron a los imputados, al Ministerio P\u00fablico y los representantes legales para que est\u00e9n presentes cuando emitan el fallo.<\/p>\n<p>La solicitud de revocaci\u00f3n del auto de No Ha Lugar fue realizada por los representantes de la Procuradur\u00eda Carlos Castillo D\u00edaz, Laura Guerrero Pelletier, Carmen Am\u00e9zquita, Milc\u00edades Guzm\u00e1n, Wilson Camacho, Pelagio Alc\u00e1ntara, Narciso Esca\u00f1o, Wagner Cubilete y Taipei Joa.<\/p>\n<p>Los abogados de la defensa solicitaron ratificar el descargo de responsabilidad penal, dictado por el juez Alejandro Moscoso Segarra a favor de Bautista, Jos\u00e9 El\u00edas Hern\u00e1ndez Garc\u00eda, Bol\u00edvar Antonio Ventura Rodr\u00edguez, Carlos Manuel Ozoria Mart\u00ednez y Grisel Araceli Soler Pimentel, Soraida Abreu Mart\u00ednez y Bienvenido Apolinar Bret\u00f3n Medina.<\/p>\n","protected":false},"excerpt":{"rendered":"<p>RD-SANTO DOMINGO.- La Segunda Sala de la Suprema Corte de Justicia fallar\u00e1 a las 10:00 de la ma\u00f1ana de este martes un recurso de apelaci\u00f3n incoado por el procurador general de la Rep\u00fablica, Francisco Dom\u00ednguez Brito, en contra del auto de No Ha Lugar a favor del senador F\u00e9lix Bautista y otros seis acusados de [&hellip;]<\/p>\n","protected":false},"author":8,"featured_media":19946,"comment_status":"open","ping_status":"open","sticky":false,"template":"","format":"standard","meta":{"footnotes":""},"categories":[44],"tags":[],"class_list":["post-19945","post","type-post","status-publish","format-standard","has-post-thumbnail","hentry","category-republica-dominicana"],"_links":{"self":[{"href":"https:\/\/2horizontes.com\/index.php?rest_route=\/wp\/v2\/posts\/19945","targetHints":{"allow":["GET"]}}],"collection":[{"href":"https:\/\/2horizontes.com\/index.php?rest_route=\/wp\/v2\/posts"}],"about":[{"href":"https:\/\/2horizontes.com\/index.php?rest_route=\/wp\/v2\/types\/post"}],"author":[{"embeddable":true,"href":"https:\/\/2horizontes.com\/index.php?rest_route=\/wp\/v2\/users\/8"}],"replies":[{"embeddable":true,"href":"https:\/\/2horizontes.com\/index.php?rest_route=%2Fwp%2Fv2%2Fcomments&post=19945"}],"version-history":[{"count":1,"href":"https:\/\/2horizontes.com\/index.php?rest_route=\/wp\/v2\/posts\/19945\/revisions"}],"predecessor-version":[{"id":19947,"href":"https:\/\/2horizontes.com\/index.php?rest_route=\/wp\/v2\/posts\/19945\/revisions\/19947"}],"wp:featuredmedia":[{"embeddable":true,"href":"https:\/\/2horizontes.com\/index.php?rest_route=\/wp\/v2\/media\/19946"}],"wp:attachment":[{"href":"https:\/\/2horizontes.com\/index.php?rest_route=%2Fwp%2Fv2%2Fmedia&parent=19945"}],"wp:term":[{"taxonomy":"category","embeddable":true,"href":"https:\/\/2horizontes.com\/index.php?rest_route=%2Fwp%2Fv2%2Fcategories&post=19945"},{"taxonomy":"post_tag","embeddable":true,"href":"https:\/\/2horizontes.com\/index.php?rest_route=%2Fwp%2Fv2%2Ftags&post=19945"}],"curies":[{"name":"wp","href":"https:\/\/api.w.org\/{rel}","templated":true}]}}