{"id":19816,"date":"2015-08-10T18:48:08","date_gmt":"2015-08-10T17:48:08","guid":{"rendered":"http:\/\/2horizontes.com\/?p=19816"},"modified":"2015-08-10T18:48:08","modified_gmt":"2015-08-10T17:48:08","slug":"tres-reos-resultan-envenenados-tras-ingerir-una-tostada-en-carcel-preventiva-en-sfm","status":"publish","type":"post","link":"https:\/\/2horizontes.com\/?p=19816","title":{"rendered":"Tres reos resultan envenenados tras ingerir una \u201dtostada\u201d en c\u00e1rcel preventiva en SFM"},"content":{"rendered":"<p>RD-San Francisco De Macor\u00eds.\u2013 Estable se encuentran tres reclusos de la c\u00e1rcel preventiva, ubicada en el Palacio de Justicia de aqu\u00ed, que anoche ingirieron alimentos presumiblemente envenenados y que estaban destinados a otros compa\u00f1eros de c\u00e1rcel.<\/p>\n<p>Las v\u00edctimas fueron identificadas como Roberto Abreu, de 20 a\u00f1os, quien est\u00e1 detenido por violaci\u00f3n a la ley de manutenci\u00f3n de menores; Delvis Paredes Gonzalez, tambi\u00e9n de 20 a\u00f1os y quien guarda prisi\u00f3n por posesi\u00f3n de drogas y Jordani Manuel, quien fue llevado a la Unidad de Reanimaci\u00f3n Cardiopulmonar del Hospital Regional Universitario San Vicente de Paul.<\/p>\n<p>De acuerdo a los informes, los reclusos ingirieron una cena que le fue llevado a otro de sus compa\u00f1eros, quien rehus\u00f3 cenar por sospechar que quer\u00edan asesinarlo.<\/p>\n<p>La madre del recluso Delfin Gonz\u00e1lez Paredes, se\u00f1ora Rosa Paredes Hern\u00e1ndez, denunci\u00f3 que su hijo ingiri\u00f3 una tostada que fue llevada por una mujer con el fin de envenenar al recluso Eddy Polanco Acosta, de 23 a\u00f1os, quien guarda prisi\u00f3n acusado de asesinar a Jos\u00e9 Manuel Brito Castillo (Negro), hecho ocurrido el d\u00eda 20 de octubre del a\u00f1o pasado.<\/p>\n<p>En tanto que Rogelio Abreu, padre de otro de los ingresados, que se encuentra en estado de cuidado, afirm\u00f3 que su pariente tambi\u00e9n comi\u00f3 de la tostada.<\/p>\n<p>Las autoridades judiciales y policiales, todav\u00eda a media ma\u00f1ana de este viernes, no hab\u00edan dado a conocer la versi\u00f3n oficial sobre el caso. La c\u00e1rcel preventiva opera en el s\u00f3tano del edificio que aloja el Palacio de Justicia de aqu\u00ed<\/p>\n","protected":false},"excerpt":{"rendered":"<p>RD-San Francisco De Macor\u00eds.\u2013 Estable se encuentran tres reclusos de la c\u00e1rcel preventiva, ubicada en el Palacio de Justicia de aqu\u00ed, que anoche ingirieron alimentos presumiblemente envenenados y que estaban destinados a otros compa\u00f1eros de c\u00e1rcel. Las v\u00edctimas fueron identificadas como Roberto Abreu, de 20 a\u00f1os, quien est\u00e1 detenido por violaci\u00f3n a la ley de [&hellip;]<\/p>\n","protected":false},"author":8,"featured_media":19817,"comment_status":"open","ping_status":"open","sticky":false,"template":"","format":"standard","meta":{"footnotes":""},"categories":[53,44],"tags":[],"class_list":["post-19816","post","type-post","status-publish","format-standard","has-post-thumbnail","hentry","category-provincias","category-republica-dominicana"],"_links":{"self":[{"href":"https:\/\/2horizontes.com\/index.php?rest_route=\/wp\/v2\/posts\/19816","targetHints":{"allow":["GET"]}}],"collection":[{"href":"https:\/\/2horizontes.com\/index.php?rest_route=\/wp\/v2\/posts"}],"about":[{"href":"https:\/\/2horizontes.com\/index.php?rest_route=\/wp\/v2\/types\/post"}],"author":[{"embeddable":true,"href":"https:\/\/2horizontes.com\/index.php?rest_route=\/wp\/v2\/users\/8"}],"replies":[{"embeddable":true,"href":"https:\/\/2horizontes.com\/index.php?rest_route=%2Fwp%2Fv2%2Fcomments&post=19816"}],"version-history":[{"count":1,"href":"https:\/\/2horizontes.com\/index.php?rest_route=\/wp\/v2\/posts\/19816\/revisions"}],"predecessor-version":[{"id":19818,"href":"https:\/\/2horizontes.com\/index.php?rest_route=\/wp\/v2\/posts\/19816\/revisions\/19818"}],"wp:featuredmedia":[{"embeddable":true,"href":"https:\/\/2horizontes.com\/index.php?rest_route=\/wp\/v2\/media\/19817"}],"wp:attachment":[{"href":"https:\/\/2horizontes.com\/index.php?rest_route=%2Fwp%2Fv2%2Fmedia&parent=19816"}],"wp:term":[{"taxonomy":"category","embeddable":true,"href":"https:\/\/2horizontes.com\/index.php?rest_route=%2Fwp%2Fv2%2Fcategories&post=19816"},{"taxonomy":"post_tag","embeddable":true,"href":"https:\/\/2horizontes.com\/index.php?rest_route=%2Fwp%2Fv2%2Ftags&post=19816"}],"curies":[{"name":"wp","href":"https:\/\/api.w.org\/{rel}","templated":true}]}}