{"id":19813,"date":"2015-08-10T18:34:34","date_gmt":"2015-08-10T17:34:34","guid":{"rendered":"http:\/\/2horizontes.com\/?p=19813"},"modified":"2015-08-10T18:34:55","modified_gmt":"2015-08-10T17:34:55","slug":"depredacion-foresta-autorizada-por-medio-ambiente","status":"publish","type":"post","link":"https:\/\/2horizontes.com\/?p=19813","title":{"rendered":"Depredaci\u00f3n foresta autorizada por Medio Ambiente"},"content":{"rendered":"<p>En el a\u00f1o 1967, el Presidente de la Rep\u00fablica, Dr. Joaqu\u00edn Balaguer, emiti\u00f3 el Decreto 209-67, mediante el cual prohib\u00eda todos los aserraderos que se hab\u00edan encargado de destruir los bosques de nuestras altas monta\u00f1as, pues Balaguer, ambientalista desde su nacimiento, hab\u00eda sido advertido por un amplio estudio hecho por la OEA donde se demostraba que los recursos forestales del pa\u00eds ya se hab\u00edan reducido a un 12% del territorio nacional.<\/p>\n<p>Mientras Balaguer fue gobernante de nuestro pa\u00eds los aserraderos fueron mantenidos a raya, pues Balaguer, quien siempre andaba en helic\u00f3ptero para observar las monta\u00f1as, era capaz de \u201ctirarse\u201d en cualquier sitio donde hab\u00eda depredaci\u00f3n forestal, y mandaba a la guardia a \u201ctrancar\u201d a todo depredador forestal, porque Balaguer, hombre de gran inteligencia, sab\u00eda que al destruir los bosques se reducir\u00edan los caudales de los r\u00edos.<\/p>\n<p>Todo el mundo recuerda al coronel Pedro de Jes\u00fas Candelier, quien se hizo famoso en los gobiernos de Balaguer porque siendo Director General Forestal \u201ctrancaba\u201d a todos los deforestadores, y lo hac\u00eda sin pena alguna, lo hac\u00eda sin distinci\u00f3n de jerarqu\u00eda pol\u00edtica, y lo hac\u00eda sin distinguir poder econ\u00f3mico y empresarial, y por eso Candelier siempre recibi\u00f3 el total apoyo del presidente Balaguer y el total apoyo del pueblo dominicano.<\/p>\n<p>Pero esos eran otros tiempos y otros criterios que se quedaron atr\u00e1s desde que Balaguer sali\u00f3 del poder en el a\u00f1o 1996, pues las autoridades que hoy tienen que velar por la protecci\u00f3n de nuestros bosques son las que mayor empe\u00f1o tienen en la destrucci\u00f3n de lo poco que queda de nuestra cobertura forestal, y mientras Candelier sent\u00eda orgullo nacional cada vez que \u201ctrancaba\u201d a un depredador forestal, las autoridades ambientales de hoy sienten orgullo nacional cada vez que otorgan permisos para aserraderos en \u201cplanes de manejo forestal\u201d.<\/p>\n<p>La \u00e9poca de los operativos tipo \u201cSelva Negra\u201d qued\u00f3 atr\u00e1s, muy atr\u00e1s en el viejo ba\u00fal de los recuerdos, y la \u00e9poca en que la guardia se le \u201ctiraba\u201d a los depredadores forestales y los bajaba presos en la cama de una camioneta tambi\u00e9n qued\u00f3 atr\u00e1s, pues para autorizar esos operativos de vigilancia forestal se requiere de alguien que entienda la importancia del bosque en relaci\u00f3n a la disponibilidad de agua, y que entienda el grave da\u00f1o que se le hace a la sociedad presente y futura cuando se permite que el bosque sea eliminado.<\/p>\n<p>Cada d\u00eda usted ve las patanas, los camiones, las camionetas y todo tipo de veh\u00edculo de carga, repletos de madera cortada en las monta\u00f1as de nuestro pa\u00eds, mayormente en la cordillera Central, donde hay alrededor de mil \u201cplanes de manejo forestal\u201d, formalmente autorizados por el Ministerio de Medio Ambiente y Recursos Naturales, y esos planes de manejo forestal no son otra cosa que los mismos aserraderos de siempre, s\u00f3lo que como durante los gobiernos de Balaguer la palabra aserradero qued\u00f3 estigmatizada como algo pecaminoso, los genios que le sucedieron en las pol\u00edticas forestales se inventaron un nombre bonito que oculta la depredaci\u00f3n.<\/p>\n<p>La gente de Constanza, la gente de Jarabacoa, la gente de J\u00e1nico, la gente de Juncalito, la gente de San Jos\u00e9 de las Matas, la gente de El Rubio, la gente de Monci\u00f3n y la gente de Restauraci\u00f3n, entre muchas otras comunidades, est\u00e1n cansadas de rogarle al Ministerio de Medio Ambiente para que detenga la depredaci\u00f3n forestal que se hace de manera obscena a la vista de todo el mundo, casi como una burla contra el pueblo, m\u00e1s que una burla a la Ley Ambiental 64-00, y toda una burla frente a la sequ\u00eda que amenaza con dejarnos sin agua.<\/p>\n<p>Y las preguntas que todos nos hacemos son las siguientes: \u00bfhasta cu\u00e1ndo estaremos soportando pacientemente que nuestras autoridades est\u00e9n autorizando mudar todos los bosques de nuestra cordillera Central?, \u00bfcu\u00e1ndo decidir\u00e1 el pueblo dominicano comenzar a \u201ctirarse\u201d en los aserraderos para cerrarlos popularmente ya que no hay ninguna autoridad que los cierre por violaciones a la Ley Ambiental 64-00?, y \u00bfcuando decidir\u00e1 el Presidente de la Rep\u00fablica aterrizar en su helic\u00f3ptero en uno de esos aserraderos y decirles a sus due\u00f1os, y a los funcionarios que los autorizaron, que esa perversidad contra nuestra sociedad es inaceptable? l &#8211; See more at: http:\/\/www.elcaribe.com.do\/2015\/08\/10\/depredacion-foresta-autorizada-por-medio-ambiente#sthash.rs6U8RiA.dpuf<\/p>\n","protected":false},"excerpt":{"rendered":"<p>En el a\u00f1o 1967, el Presidente de la Rep\u00fablica, Dr. Joaqu\u00edn Balaguer, emiti\u00f3 el Decreto 209-67, mediante el cual prohib\u00eda todos los aserraderos que se hab\u00edan encargado de destruir los bosques de nuestras altas monta\u00f1as, pues Balaguer, ambientalista desde su nacimiento, hab\u00eda sido advertido por un amplio estudio hecho por la OEA donde se demostraba [&hellip;]<\/p>\n","protected":false},"author":8,"featured_media":19814,"comment_status":"open","ping_status":"open","sticky":false,"template":"","format":"standard","meta":{"footnotes":""},"categories":[82,84,44],"tags":[],"class_list":["post-19813","post","type-post","status-publish","format-standard","has-post-thumbnail","hentry","category-opinion","category-otras-noticias","category-republica-dominicana"],"_links":{"self":[{"href":"https:\/\/2horizontes.com\/index.php?rest_route=\/wp\/v2\/posts\/19813","targetHints":{"allow":["GET"]}}],"collection":[{"href":"https:\/\/2horizontes.com\/index.php?rest_route=\/wp\/v2\/posts"}],"about":[{"href":"https:\/\/2horizontes.com\/index.php?rest_route=\/wp\/v2\/types\/post"}],"author":[{"embeddable":true,"href":"https:\/\/2horizontes.com\/index.php?rest_route=\/wp\/v2\/users\/8"}],"replies":[{"embeddable":true,"href":"https:\/\/2horizontes.com\/index.php?rest_route=%2Fwp%2Fv2%2Fcomments&post=19813"}],"version-history":[{"count":1,"href":"https:\/\/2horizontes.com\/index.php?rest_route=\/wp\/v2\/posts\/19813\/revisions"}],"predecessor-version":[{"id":19815,"href":"https:\/\/2horizontes.com\/index.php?rest_route=\/wp\/v2\/posts\/19813\/revisions\/19815"}],"wp:featuredmedia":[{"embeddable":true,"href":"https:\/\/2horizontes.com\/index.php?rest_route=\/wp\/v2\/media\/19814"}],"wp:attachment":[{"href":"https:\/\/2horizontes.com\/index.php?rest_route=%2Fwp%2Fv2%2Fmedia&parent=19813"}],"wp:term":[{"taxonomy":"category","embeddable":true,"href":"https:\/\/2horizontes.com\/index.php?rest_route=%2Fwp%2Fv2%2Fcategories&post=19813"},{"taxonomy":"post_tag","embeddable":true,"href":"https:\/\/2horizontes.com\/index.php?rest_route=%2Fwp%2Fv2%2Ftags&post=19813"}],"curies":[{"name":"wp","href":"https:\/\/api.w.org\/{rel}","templated":true}]}}