{"id":19804,"date":"2015-08-10T17:49:46","date_gmt":"2015-08-10T16:49:46","guid":{"rendered":"http:\/\/2horizontes.com\/?p=19804"},"modified":"2015-08-10T17:49:46","modified_gmt":"2015-08-10T16:49:46","slug":"gobierno-inaugura-carretera-juncalito-rd","status":"publish","type":"post","link":"https:\/\/2horizontes.com\/?p=19804","title":{"rendered":"Gobierno inaugura carretera Juncalito RD"},"content":{"rendered":"<p>RD- JUNCALITO -Tras 30 a\u00f1os de abandono, el presidente Danilo Medina dej\u00f3 inaugurada la carretera que comunica al municipio de J\u00e1nico con el distrito municipal de Juncalito con una inversi\u00f3n de 758 millones pesos.<\/p>\n<p>La construcci\u00f3n de esta carretera se produce luego de que el 13 abril del a\u00f1o 2014, el presidente Medina realizara una de sus acostumbradas visitas sorpresas a esta localidad enclavada en la cordillera Central, y luego de escuchar los reclamos de sus moradores, el mandatario orden\u00f3 construir por completo lo que por a\u00f1os fue camino vecinal.<\/p>\n<p>Las comunidades beneficiadas por la nueva carretera son J\u00e1nico, El Sill\u00f3n, Cagueye, La Cejita, entre otras. Seg\u00fan el director de la Oficina de Ingenieros Supervisores de Obras del Estado (OISOE), Francisco Pag\u00e1n, la obra cuenta con 24 kil\u00f3metros de carretera, con todas sus se\u00f1alizaciones de ley, una anchura de v\u00eda de 6.50 metros y sus respectivos desag\u00fces que alargaran la vida \u00fatil de la v\u00eda. La construcci\u00f3n estuvo a cargo la compa\u00f1\u00eda Ecocisa.<\/p>\n<p>Otras entregas<br \/>\nConjuntamente con la carretera, el presidente Medina dej\u00f3 en funcionamiento de un hospital para la comunidad de Juncalito, tambi\u00e9n fue entregada una ambulancia y se dej\u00f3 desde ayer instalado el personal m\u00e9dico calificado para operar dicho centro.<\/p>\n<p>Dentro de los beneficios aportados por el Gobierno a Juncalito, se destacan tambi\u00e9n 12 millones prestados\u00a0 el a\u00f1o pasado para amortiguar el tiempo de espera del caf\u00e9, as\u00ed como la entrega de recursos para otros cultivos.<\/p>\n<p>Luis N\u00fa\u00f1ez, presidente de productores de Caf\u00e9 especial de Juncalito, resalt\u00f3 el apoyo del Gobierno y agradeci\u00f3 al presidente Danilo Medina haber hecho realidad esta necesidad de m\u00e1s de 30 a\u00f1os.<\/p>\n<p>Tambi\u00e9n gracias a su ayuda para la rehabilitaci\u00f3n de m\u00e1s 25 plantas con variedades mejoradas, con un monto de 11 millones 300 mil pesos .<\/p>\n<p>Dispone de m\u00e9dicos especializados<br \/>\nLa Ministra de Salud, Altagracia Guzm\u00e1n Marcelino, indic\u00f3 que para el a\u00f1o 2005 le tom\u00f3 cuatro horas llegar de Santiago a Juncalito debido a su deterioro.<\/p>\n<p>Con relaci\u00f3n al centro hospitalario dijo que desde ya cuenta con gineco-obstetricia, odontolog\u00eda, ginecolog\u00eda, unidad de c\u00e1ncer uterino, equipo rayos X, un t\u00e9cnico de yeso y otros m\u00e9dicos capacitados.<\/p>\n<p>&nbsp;<\/p>\n","protected":false},"excerpt":{"rendered":"<p>RD- JUNCALITO -Tras 30 a\u00f1os de abandono, el presidente Danilo Medina dej\u00f3 inaugurada la carretera que comunica al municipio de J\u00e1nico con el distrito municipal de Juncalito con una inversi\u00f3n de 758 millones pesos. La construcci\u00f3n de esta carretera se produce luego de que el 13 abril del a\u00f1o 2014, el presidente Medina realizara una [&hellip;]<\/p>\n","protected":false},"author":8,"featured_media":19805,"comment_status":"open","ping_status":"open","sticky":false,"template":"","format":"standard","meta":{"footnotes":""},"categories":[43,53,44],"tags":[],"class_list":["post-19804","post","type-post","status-publish","format-standard","has-post-thumbnail","hentry","category-politica","category-provincias","category-republica-dominicana"],"_links":{"self":[{"href":"https:\/\/2horizontes.com\/index.php?rest_route=\/wp\/v2\/posts\/19804","targetHints":{"allow":["GET"]}}],"collection":[{"href":"https:\/\/2horizontes.com\/index.php?rest_route=\/wp\/v2\/posts"}],"about":[{"href":"https:\/\/2horizontes.com\/index.php?rest_route=\/wp\/v2\/types\/post"}],"author":[{"embeddable":true,"href":"https:\/\/2horizontes.com\/index.php?rest_route=\/wp\/v2\/users\/8"}],"replies":[{"embeddable":true,"href":"https:\/\/2horizontes.com\/index.php?rest_route=%2Fwp%2Fv2%2Fcomments&post=19804"}],"version-history":[{"count":1,"href":"https:\/\/2horizontes.com\/index.php?rest_route=\/wp\/v2\/posts\/19804\/revisions"}],"predecessor-version":[{"id":19806,"href":"https:\/\/2horizontes.com\/index.php?rest_route=\/wp\/v2\/posts\/19804\/revisions\/19806"}],"wp:featuredmedia":[{"embeddable":true,"href":"https:\/\/2horizontes.com\/index.php?rest_route=\/wp\/v2\/media\/19805"}],"wp:attachment":[{"href":"https:\/\/2horizontes.com\/index.php?rest_route=%2Fwp%2Fv2%2Fmedia&parent=19804"}],"wp:term":[{"taxonomy":"category","embeddable":true,"href":"https:\/\/2horizontes.com\/index.php?rest_route=%2Fwp%2Fv2%2Fcategories&post=19804"},{"taxonomy":"post_tag","embeddable":true,"href":"https:\/\/2horizontes.com\/index.php?rest_route=%2Fwp%2Fv2%2Ftags&post=19804"}],"curies":[{"name":"wp","href":"https:\/\/api.w.org\/{rel}","templated":true}]}}