{"id":19781,"date":"2015-08-10T12:35:48","date_gmt":"2015-08-10T11:35:48","guid":{"rendered":"http:\/\/2horizontes.com\/?p=19781"},"modified":"2015-08-10T12:35:48","modified_gmt":"2015-08-10T11:35:48","slug":"seis-inmigrantes-alcanzan-una-playa-de-ceuta-a-bordo-de-una-barca-aprovechando-la-niebla","status":"publish","type":"post","link":"https:\/\/2horizontes.com\/?p=19781","title":{"rendered":"Seis inmigrantes alcanzan una playa de Ceuta a bordo de una barca aprovechando la niebla"},"content":{"rendered":"<p>Seis inmigrantes subsaharianos han alcanzado una playa de Ceuta a bordo de una barca de playa aprovechando la densa niebla que afecta al litoral ceut\u00ed y que dificulta la navegaci\u00f3n.<\/p>\n<p>Los inmigrantes, todos ellos varones que han dicho proceder de Guinea Conakry, han logrado alcanzar la orilla de la playa del Sarchal, donde han sido vistos por unos ciudadanos, seg\u00fan han informado fuentes policiales.<\/p>\n<p>Los inmigrantes han bordeado la escasa distancia que separa las costas marroqu\u00edes de las ceut\u00edes sin ser vistos por las c\u00e1maras de seguridad. La Cruz Roja ha verificado el buen estado de salud de los cinco j\u00f3venes y les ha proporcionado mantas, ropa y calzado. Los inmigrantes han sido trasladados a las dependencias policiales.<\/p>\n","protected":false},"excerpt":{"rendered":"<p>Seis inmigrantes subsaharianos han alcanzado una playa de Ceuta a bordo de una barca de playa aprovechando la densa niebla que afecta al litoral ceut\u00ed y que dificulta la navegaci\u00f3n. Los inmigrantes, todos ellos varones que han dicho proceder de Guinea Conakry, han logrado alcanzar la orilla de la playa del Sarchal, donde han sido [&hellip;]<\/p>\n","protected":false},"author":3,"featured_media":19782,"comment_status":"open","ping_status":"open","sticky":false,"template":"","format":"standard","meta":{"footnotes":""},"categories":[54,85],"tags":[],"class_list":["post-19781","post","type-post","status-publish","format-standard","has-post-thumbnail","hentry","category-emigrantes","category-espana"],"_links":{"self":[{"href":"https:\/\/2horizontes.com\/index.php?rest_route=\/wp\/v2\/posts\/19781","targetHints":{"allow":["GET"]}}],"collection":[{"href":"https:\/\/2horizontes.com\/index.php?rest_route=\/wp\/v2\/posts"}],"about":[{"href":"https:\/\/2horizontes.com\/index.php?rest_route=\/wp\/v2\/types\/post"}],"author":[{"embeddable":true,"href":"https:\/\/2horizontes.com\/index.php?rest_route=\/wp\/v2\/users\/3"}],"replies":[{"embeddable":true,"href":"https:\/\/2horizontes.com\/index.php?rest_route=%2Fwp%2Fv2%2Fcomments&post=19781"}],"version-history":[{"count":1,"href":"https:\/\/2horizontes.com\/index.php?rest_route=\/wp\/v2\/posts\/19781\/revisions"}],"predecessor-version":[{"id":19783,"href":"https:\/\/2horizontes.com\/index.php?rest_route=\/wp\/v2\/posts\/19781\/revisions\/19783"}],"wp:featuredmedia":[{"embeddable":true,"href":"https:\/\/2horizontes.com\/index.php?rest_route=\/wp\/v2\/media\/19782"}],"wp:attachment":[{"href":"https:\/\/2horizontes.com\/index.php?rest_route=%2Fwp%2Fv2%2Fmedia&parent=19781"}],"wp:term":[{"taxonomy":"category","embeddable":true,"href":"https:\/\/2horizontes.com\/index.php?rest_route=%2Fwp%2Fv2%2Fcategories&post=19781"},{"taxonomy":"post_tag","embeddable":true,"href":"https:\/\/2horizontes.com\/index.php?rest_route=%2Fwp%2Fv2%2Ftags&post=19781"}],"curies":[{"name":"wp","href":"https:\/\/api.w.org\/{rel}","templated":true}]}}