{"id":19748,"date":"2015-08-08T16:28:13","date_gmt":"2015-08-08T15:28:13","guid":{"rendered":"http:\/\/2horizontes.com\/?p=19748"},"modified":"2015-08-08T16:28:13","modified_gmt":"2015-08-08T15:28:13","slug":"acusan-alcalde-santo-domingo-norte-francisco-fernandez-de-cancelar-a-quienenes-no-lo-apoyen-en-su-reeleccion","status":"publish","type":"post","link":"https:\/\/2horizontes.com\/?p=19748","title":{"rendered":"Acusan alcalde Santo Domingo Norte Francisco Fernandez de cancelar a quienenes no lo apoyen en su reelecci\u00f3n"},"content":{"rendered":"<p><span lang=\"ES\">RD-SANTO DOMINGO.- El Comit\u00e9 Municipal\u00a0Santo Domingo Norte del Partido Revolucionario Moderno (PRM), denunci\u00f3 \u00a0la cancelaci\u00f3n de m\u00e1s de 200 servidores municipales en los \u00faltimos dos meses, as\u00ed como el acoso y el estado de represi\u00f3n implantados por el Alcalde Francisco Fern\u00e1ndez contra los empleados y trabajadores que no simpatizan con sus aspiraciones de reelegirse en el cargo.<\/span><\/p>\n<p><span lang=\"ES\">Isidro Torres, Presidente del\u00a0 PRM, acus\u00f3 a Fern\u00e1ndez\u00a0 de negarse a cumplir con\u00a0 15 Resoluciones del Consejo de Regidores y una Sentencia del \u00a0Tribunal Contencioso Administrativo ordenando pagar sus prestaciones a 52\u00a0 trabajadores pensionados.<\/span><\/p>\n<p>Afirm\u00f3\u00a0 que en los actuales momentos, \u00a0los recursos del ayuntamiento de Santo Domingo Norte son usados de manera sectaria y grupal en perjuicio de los intereses\u00a0 y necesidades de las comunidades\u00a0 que integran el municipio, las cuales\u00a0\u00a0cada d\u00eda ven agravarse\u00a0 sus condiciones.<\/p>\n<p>Manifest\u00f3 que Fern\u00e1ndez vulnera \u00a0la institucionalidad y el debido respeto con que debe operar el\u00a0 ayuntamiento \u00a0\u00a0para asegurar un ambiente de calidad en los servicios que \u00a0est\u00e1 obligado a brindar a sus mun\u00edcipes.<\/p>\n<p><span lang=\"ES\">Precis\u00f3 que Fern\u00e1ndez ha despedido a decenas\u00a0 de servidores municipales, incluyendo\u00a0 a dirigentes y activistas comunitarios que con dignidad se resisten a formar parte de la alianza que busca \u201creelegir \u00a0la impunidad, la inseguridad y la miseria\u201d.<\/span><\/p>\n","protected":false},"excerpt":{"rendered":"<p>RD-SANTO DOMINGO.- El Comit\u00e9 Municipal\u00a0Santo Domingo Norte del Partido Revolucionario Moderno (PRM), denunci\u00f3 \u00a0la cancelaci\u00f3n de m\u00e1s de 200 servidores municipales en los \u00faltimos dos meses, as\u00ed como el acoso y el estado de represi\u00f3n implantados por el Alcalde Francisco Fern\u00e1ndez contra los empleados y trabajadores que no simpatizan con sus aspiraciones de reelegirse en [&hellip;]<\/p>\n","protected":false},"author":8,"featured_media":19749,"comment_status":"open","ping_status":"open","sticky":false,"template":"","format":"standard","meta":{"footnotes":""},"categories":[43,44],"tags":[],"class_list":["post-19748","post","type-post","status-publish","format-standard","has-post-thumbnail","hentry","category-politica","category-republica-dominicana"],"_links":{"self":[{"href":"https:\/\/2horizontes.com\/index.php?rest_route=\/wp\/v2\/posts\/19748","targetHints":{"allow":["GET"]}}],"collection":[{"href":"https:\/\/2horizontes.com\/index.php?rest_route=\/wp\/v2\/posts"}],"about":[{"href":"https:\/\/2horizontes.com\/index.php?rest_route=\/wp\/v2\/types\/post"}],"author":[{"embeddable":true,"href":"https:\/\/2horizontes.com\/index.php?rest_route=\/wp\/v2\/users\/8"}],"replies":[{"embeddable":true,"href":"https:\/\/2horizontes.com\/index.php?rest_route=%2Fwp%2Fv2%2Fcomments&post=19748"}],"version-history":[{"count":1,"href":"https:\/\/2horizontes.com\/index.php?rest_route=\/wp\/v2\/posts\/19748\/revisions"}],"predecessor-version":[{"id":19750,"href":"https:\/\/2horizontes.com\/index.php?rest_route=\/wp\/v2\/posts\/19748\/revisions\/19750"}],"wp:featuredmedia":[{"embeddable":true,"href":"https:\/\/2horizontes.com\/index.php?rest_route=\/wp\/v2\/media\/19749"}],"wp:attachment":[{"href":"https:\/\/2horizontes.com\/index.php?rest_route=%2Fwp%2Fv2%2Fmedia&parent=19748"}],"wp:term":[{"taxonomy":"category","embeddable":true,"href":"https:\/\/2horizontes.com\/index.php?rest_route=%2Fwp%2Fv2%2Fcategories&post=19748"},{"taxonomy":"post_tag","embeddable":true,"href":"https:\/\/2horizontes.com\/index.php?rest_route=%2Fwp%2Fv2%2Ftags&post=19748"}],"curies":[{"name":"wp","href":"https:\/\/api.w.org\/{rel}","templated":true}]}}