{"id":19717,"date":"2015-08-08T13:38:12","date_gmt":"2015-08-08T12:38:12","guid":{"rendered":"http:\/\/2horizontes.com\/?p=19717"},"modified":"2015-08-08T13:38:12","modified_gmt":"2015-08-08T12:38:12","slug":"el-dolor-y-la-tristeza-preside-el-funeral-por-las-dos-dominicanas-asesinadas","status":"publish","type":"post","link":"https:\/\/2horizontes.com\/?p=19717","title":{"rendered":"\u00abEl dolor y la tristeza\u00bb preside el funeral por las dos dominicanas asesinadas"},"content":{"rendered":"<p>Ayer se cerr\u00f3 un cap\u00edtulo: por fin los restos mortales de la joven dominicana y su hija de 9 a\u00f1os, asesinadas en <strong>Madrid en junio del a\u00f1o pasado<\/strong>, podr\u00e1n descansar en el pa\u00eds de origen de las v\u00edctimas. En una jornada de \u00abmucho dolor y tristeza, es el \u00faltimo adi\u00f3s\u00bb, entre l\u00e1grimas, la suegra de la joven <strong>Adolfina Puello <\/strong>y abuela de la ni\u00f1a <strong>Argelys<\/strong> pudo tener entre sus manos las urnas con las cenizas de las dos v\u00edctimas, de cuyo crimen se acusa<strong> al joven Ra\u00fal \u00c1lvarez<\/strong> de ascendencia zamorana, que llev\u00f3 a la Guardia Civil hasta el lugar d\u00f3nde se hallaban ocultos los cad\u00e1veres, un pozo pr\u00f3ximo a una finca de sus padres.<\/p>\n<p>Arropada por decenas de amigos, Leonarda S\u00e1nchez presidi\u00f3 emocionada la misa de funeral que quiso ofrecer en <strong>una iglesia del barrio de Legazpi<\/strong> a su nuera y a su nieta, la hija de uno de sus v\u00e1stagos, tambi\u00e9n asesinado en Rep\u00fablica Dominicana, \u00abes lo que me ha quedado de ese hijo, fue lo que me dej\u00f3, por eso era para m\u00eda m\u00e1s que una nieta una hija\u00bb.<\/p>\n<p>Nerviosa, <strong>Leonarda<\/strong> se debat\u00eda ayer entre el sentimiento de<strong> \u00abdolor, la tristeza enorme\u00bb <\/strong>de la p\u00e9rdida sufrida y la satisfacci\u00f3n de que \u00abpor fin las dos <strong>descansar\u00e1n en paz<\/strong>. Podemos celebrar la misa. Es un momento muy duro\u00bb, indic\u00f3 a este diario. Y, en breve, gracias al Consulado de la <strong>Rep\u00fablica Dominicana<\/strong>, los restos mortales podr\u00e1n llegar a ese pa\u00eds, donde \u00ablos recoger\u00e1 la familia de mi nuera, su madre\u00bb para darles sepultura.<\/p>\n<p>La mujer no pudo reprimir el llanto, visiblemente afectada por el tr\u00e1gico final que han sufrido la esposa de su hijo y <strong>la peque\u00f1a Argelys<\/strong>, que llevaba poco tiempo en Espa\u00f1a, viviendo en Madrid con su madre, cuando tuvo lugar el crimen en el domicilio que compart\u00edan. Es posible que hoy mismo las urnas partan hacia el pa\u00eds en el que nacieron las dos, si bien la familia est\u00e1 a la espera de que las autoridades de su pa\u00eds confirmen la fecha exacta en la que partir\u00e1n hacia ese destino. Los amigos de Leonarda S\u00e1nchez no la dejaron sola, dado el momento tan dif\u00edcil por el que est\u00e1 pasando.<\/p>\n<p><a href=\"http:\/\/2horizontes.com\/wp-content\/uploads\/2015\/08\/bbi.jpg\"><img loading=\"lazy\" decoding=\"async\" class=\" size-medium wp-image-19722 alignleft\" src=\"http:\/\/2horizontes.com\/wp-content\/uploads\/2015\/08\/bbi-300x164.jpg\" alt=\"bbi\" width=\"300\" height=\"164\" srcset=\"https:\/\/2horizontes.com\/wp-content\/uploads\/2015\/08\/bbi-300x164.jpg 300w, https:\/\/2horizontes.com\/wp-content\/uploads\/2015\/08\/bbi-510x279.jpg 510w, https:\/\/2horizontes.com\/wp-content\/uploads\/2015\/08\/bbi.jpg 646w\" sizes=\"auto, (max-width: 300px) 100vw, 300px\" \/><\/a><\/p>\n<p>Por lo que se refiere a la investigaci\u00f3n judicial, la familia de las fallecidas desconoce si ha habido alg\u00fan avance. Est\u00e1 a la espera de que la nueva abogada designada por el Consulado pueda explicarles c\u00f3mo va el caso. Tras el funeral en Legazpi, la mujer conf\u00eda en que \u00abla gente me preguntar\u00e1 menos por ellas, porque hasta ahora se interesaban por cu\u00e1ndo ser\u00eda el funeral\u00bb, un inter\u00e9s que agradec\u00eda, pero que remov\u00eda muchos recuerdos y sentimientos. \u00abEs fuerte que te pregunten a diario por ellas, por c\u00f3mo las mataron\u00bb, apunta Leonarda, que declaraba sentir \u00abuna gran presi\u00f3n\u00bb horas antes de que tuviera lugar la misa de funeral en Madrid.<\/p>\n<p>Leonarda record\u00f3 ayer que su denuncia contra <strong>Ra\u00fal \u00c1lvarez<\/strong>, el presunto asesino, por amenazas interpuesta seis meses antes del crimen, est\u00e1 pendiente de resolverse.<\/p>\n<p>El Juzgado de Violencia de G\u00e9nero n\u00famero 4 de Madrid trata de determinar si el acusado fue quien perpetr\u00f3 el asesinato, puesto que conoc\u00eda el lugar exacto en el que se hab\u00edan ocultado los cad\u00e1veres de las dos dominicanas, en el municipio de <strong>San Vicente de la Cabeza<\/strong>, de donde son naturales sus padres.<\/p>\n","protected":false},"excerpt":{"rendered":"<p>Ayer se cerr\u00f3 un cap\u00edtulo: por fin los restos mortales de la joven dominicana y su hija de 9 a\u00f1os, asesinadas en Madrid en junio del a\u00f1o pasado, podr\u00e1n descansar en el pa\u00eds de origen de las v\u00edctimas. En una jornada de \u00abmucho dolor y tristeza, es el \u00faltimo adi\u00f3s\u00bb, entre l\u00e1grimas, la suegra de [&hellip;]<\/p>\n","protected":false},"author":4,"featured_media":19719,"comment_status":"open","ping_status":"open","sticky":false,"template":"","format":"standard","meta":{"footnotes":""},"categories":[46,54,85],"tags":[],"class_list":["post-19717","post","type-post","status-publish","format-standard","has-post-thumbnail","hentry","category-dominicanos-en-madrid","category-emigrantes","category-espana"],"_links":{"self":[{"href":"https:\/\/2horizontes.com\/index.php?rest_route=\/wp\/v2\/posts\/19717","targetHints":{"allow":["GET"]}}],"collection":[{"href":"https:\/\/2horizontes.com\/index.php?rest_route=\/wp\/v2\/posts"}],"about":[{"href":"https:\/\/2horizontes.com\/index.php?rest_route=\/wp\/v2\/types\/post"}],"author":[{"embeddable":true,"href":"https:\/\/2horizontes.com\/index.php?rest_route=\/wp\/v2\/users\/4"}],"replies":[{"embeddable":true,"href":"https:\/\/2horizontes.com\/index.php?rest_route=%2Fwp%2Fv2%2Fcomments&post=19717"}],"version-history":[{"count":1,"href":"https:\/\/2horizontes.com\/index.php?rest_route=\/wp\/v2\/posts\/19717\/revisions"}],"predecessor-version":[{"id":19723,"href":"https:\/\/2horizontes.com\/index.php?rest_route=\/wp\/v2\/posts\/19717\/revisions\/19723"}],"wp:featuredmedia":[{"embeddable":true,"href":"https:\/\/2horizontes.com\/index.php?rest_route=\/wp\/v2\/media\/19719"}],"wp:attachment":[{"href":"https:\/\/2horizontes.com\/index.php?rest_route=%2Fwp%2Fv2%2Fmedia&parent=19717"}],"wp:term":[{"taxonomy":"category","embeddable":true,"href":"https:\/\/2horizontes.com\/index.php?rest_route=%2Fwp%2Fv2%2Fcategories&post=19717"},{"taxonomy":"post_tag","embeddable":true,"href":"https:\/\/2horizontes.com\/index.php?rest_route=%2Fwp%2Fv2%2Ftags&post=19717"}],"curies":[{"name":"wp","href":"https:\/\/api.w.org\/{rel}","templated":true}]}}