{"id":19701,"date":"2015-08-07T18:21:15","date_gmt":"2015-08-07T17:21:15","guid":{"rendered":"http:\/\/2horizontes.com\/?p=19701"},"modified":"2015-08-07T18:21:15","modified_gmt":"2015-08-07T17:21:15","slug":"gobierno-garantiza-pueblo-tendra-paz-y-tranquilidad","status":"publish","type":"post","link":"https:\/\/2horizontes.com\/?p=19701","title":{"rendered":"Gobierno garantiza pueblo tendr\u00e1 paz y tranquilidad"},"content":{"rendered":"<div id=\"ArticleBody\">\n<p>RD- SANTO DOMINGO-El gobierno garantiz\u00f3 ayer la paz y la tranquilidad del pueblo dominicano, y anunci\u00f3 que en los pr\u00f3ximos d\u00edas se ver\u00e1n los resultados de manera m\u00e1s concreta acerca de lo que se est\u00e1 haciendo para contrarrestar la delincuencia que afecta al pa\u00eds<\/p>\n<p>As\u00ed lo afirm\u00f3 el ministro de la presidencia Gustavo Montalvo, durante una reuni\u00f3n de seguimiento a la disposici\u00f3n del presiente Danilo Medina de reforzar las seguridad ciudadana con el incremento del patrullaje mixto en todo el pa\u00eds.<\/p>\n<p>\u201cBajo ninguna circunstancia las autoridades van a permitir que se trastorne la paz y la tranquilidad que vive el pueblo Dominicano\u201d, dijo Montalvo, durante el encuentro con los altos mandos militares y policiales encabezados por el ministro de Defensa, teniente general M\u00e1ximo William Mu\u00f1oz Delgado, y el jefe de la Polic\u00eda, mayor general Nelson Peguero Paredes,\u00a0 adem\u00e1s del ministro de Interior y Polic\u00eda Jos\u00e9 Ram\u00f3n Fadul, y el procurador general Francisco Dom\u00ednguez Brito.<\/p>\n<p>Le estamos dando seguimiento a las instrucciones dadas por el presidente el martes pasado. El objetivo es reforzar el Pla de Seguridad Ciudadana y asegurar la paz y tranquilidad al pueblo dominicano\u201d, dijo Montalvo al inicio del encuentro.<\/p>\n<p>Adem\u00e1s del ministro Montalvo, en la reuni\u00f3n de seguimiento\u00a0 al Plan de Seguridad ciudadana, efectuada en su despacho, estuvieron los jefes de Estado Mayor de la Fuerza A\u00e9rea, general Elvis Feliz P\u00e9rez; del Ej\u00e9rcito, general Jos\u00e9 Eugenio Matos de la Cruz, y de la Armada Dominicana, contralmirante Edmundo F\u00e9lix Pimentel.<\/p>\n<p>Previo a la reuni\u00f3n, el jefe policial, Peguero Paredes calific\u00f3 de positivos los resultados que hasta el momento ha dejado el\u00a0 patrullaje mixto dispuesto por el presidente Danilo Medina, hace dos d\u00edas, para enfrentar la ola de delincuencia que afecta al pa\u00eds.<\/p>\n<p>La misma percepci\u00f3n tiene la fiscal de la provincia Santo Domingo, Olga Din\u00e1 Llover\u00edas, quien revel\u00f3 que no ocurre lo mismo con los feminicidios, debido a que en lo que va de a\u00f1o unas 15 mujeres han perdido la vida de manos de sus esposos o compa\u00f1eros sentimentales.<\/p>\n<p><strong>El compromiso<\/strong><br \/>\nEntrevistado por los periodistas en la Casa de Gobierno, el jefe de la uniformada dijo que un ejemplo de esos resultados es que en el d\u00eda de ayer no se produjo ning\u00fan hecho lamentable.<\/p>\n<p>Expres\u00f3 que \u00e9l, como jefe de la Polic\u00eda, tiene un compromiso con la naci\u00f3n y con el presidente de la Rep\u00fablica, por lo que trabajar\u00e1 por el bienestar de la sociedad.<\/p>\n<p>Aunque no las enumer\u00f3, adelant\u00f3 que ser\u00e1n tomadas otras medidas para enfrentar la ola delincuencial que se ha registrado en el pa\u00eds en las \u00faltimas semanas.<\/p>\n<p>De su lado, Din\u00e1 Llaver\u00edas declar\u00f3 que se ha sentido la presencia del patrullaje mixto en la provincia Santo Domingo,. \u201cS\u00ed, se comenz\u00f3 el patrullaje mixto, al escuchar la impresi\u00f3n de los ciudadanos de Santo Domingo, ellos han sentido realmente la presencia del patrullaje mixto\u201d, recalc\u00f3.<\/p>\n<p>Reconoci\u00f3 que en esta provincia se producen m\u00e1s hechos delictivos que en otros, pero aclar\u00f3 que estos casos son proporcionales al n\u00famero de personas que habitan en esta jurisdicci\u00f3n.<\/p>\n<p>Explico en la provincia de Santo Domingo se han aplicado medidas que han contribuido en la reducci\u00f3n de la delincuencia y que en la medida que se incorporen otros, esa situaci\u00f3n seguir\u00e1 mejorando.<\/p>\n<p>El jefe policial y la fiscal fueron entrevistado en el Palacio, antes de que iniciara una reuni\u00f3n de los integrantes de la Comisi\u00f3n Nacional Antiruidos, encebzada por la vice ministra de la presidencia, Zoraima Cuello, en busca enfrentar las denuncias que llegan al organismo por ruidos que causan los propios ciudadanos en sus sectores.<\/p>\n<p>El pasado martes el presidente Medina dispuesto aumentar el patrullaje mixto de militares y pol\u00edticas en todo el pa\u00eds, para contrarrestar la ola de atracos y otros hechos delincuenciales que en los \u00faltimos d\u00edas han dejado un saldo de decenas de personas muertas y heridas.<\/p>\n<\/div>\n<div><\/div>\n<p>&nbsp;<\/p>\n","protected":false},"excerpt":{"rendered":"<p>RD- SANTO DOMINGO-El gobierno garantiz\u00f3 ayer la paz y la tranquilidad del pueblo dominicano, y anunci\u00f3 que en los pr\u00f3ximos d\u00edas se ver\u00e1n los resultados de manera m\u00e1s concreta acerca de lo que se est\u00e1 haciendo para contrarrestar la delincuencia que afecta al pa\u00eds As\u00ed lo afirm\u00f3 el ministro de la presidencia Gustavo Montalvo, durante [&hellip;]<\/p>\n","protected":false},"author":8,"featured_media":19702,"comment_status":"open","ping_status":"open","sticky":false,"template":"","format":"standard","meta":{"footnotes":""},"categories":[44],"tags":[],"class_list":["post-19701","post","type-post","status-publish","format-standard","has-post-thumbnail","hentry","category-republica-dominicana"],"_links":{"self":[{"href":"https:\/\/2horizontes.com\/index.php?rest_route=\/wp\/v2\/posts\/19701","targetHints":{"allow":["GET"]}}],"collection":[{"href":"https:\/\/2horizontes.com\/index.php?rest_route=\/wp\/v2\/posts"}],"about":[{"href":"https:\/\/2horizontes.com\/index.php?rest_route=\/wp\/v2\/types\/post"}],"author":[{"embeddable":true,"href":"https:\/\/2horizontes.com\/index.php?rest_route=\/wp\/v2\/users\/8"}],"replies":[{"embeddable":true,"href":"https:\/\/2horizontes.com\/index.php?rest_route=%2Fwp%2Fv2%2Fcomments&post=19701"}],"version-history":[{"count":1,"href":"https:\/\/2horizontes.com\/index.php?rest_route=\/wp\/v2\/posts\/19701\/revisions"}],"predecessor-version":[{"id":19703,"href":"https:\/\/2horizontes.com\/index.php?rest_route=\/wp\/v2\/posts\/19701\/revisions\/19703"}],"wp:featuredmedia":[{"embeddable":true,"href":"https:\/\/2horizontes.com\/index.php?rest_route=\/wp\/v2\/media\/19702"}],"wp:attachment":[{"href":"https:\/\/2horizontes.com\/index.php?rest_route=%2Fwp%2Fv2%2Fmedia&parent=19701"}],"wp:term":[{"taxonomy":"category","embeddable":true,"href":"https:\/\/2horizontes.com\/index.php?rest_route=%2Fwp%2Fv2%2Fcategories&post=19701"},{"taxonomy":"post_tag","embeddable":true,"href":"https:\/\/2horizontes.com\/index.php?rest_route=%2Fwp%2Fv2%2Ftags&post=19701"}],"curies":[{"name":"wp","href":"https:\/\/api.w.org\/{rel}","templated":true}]}}