{"id":1970,"date":"2014-09-16T10:41:22","date_gmt":"2014-09-16T10:41:22","guid":{"rendered":"http:\/\/2horizontes.com\/?p=1970"},"modified":"2014-09-16T10:41:22","modified_gmt":"2014-09-16T10:41:22","slug":"margallo-no-descarta-suspender-la-autonomia-catalana","status":"publish","type":"post","link":"https:\/\/2horizontes.com\/?p=1970","title":{"rendered":"Margallo no descarta suspender la autonom\u00eda catalana."},"content":{"rendered":"<p><a href=\"http:\/\/2horizontes.com\/wp-content\/uploads\/2014\/09\/garcia-margallo1.jpg\"><img loading=\"lazy\" decoding=\"async\" src=\"http:\/\/2horizontes.com\/wp-content\/uploads\/2014\/09\/garcia-margallo1-300x232.jpg\" alt=\"garcia-margallo1\" width=\"300\" height=\"232\" class=\"alignleft size-medium wp-image-1971\" srcset=\"https:\/\/2horizontes.com\/wp-content\/uploads\/2014\/09\/garcia-margallo1-300x232.jpg 300w, https:\/\/2horizontes.com\/wp-content\/uploads\/2014\/09\/garcia-margallo1.jpg 400w\" sizes=\"auto, (max-width: 300px) 100vw, 300px\" \/><\/a><\/p>\n<p>Madrid.El titular de Asuntos Exteriores, Jos\u00e9 Manuel Garc\u00eda-Margallo, no ha descartado este martes que el Gobierno suspenda la autonom\u00eda de Catalu\u00f1a si el presidente Artur Mas sigue adelante con su prop\u00f3sito de convocar la consultasoberanista. \u00abHay l\u00edneas que no se pueden franquear\u00bb, ha advertido el ministrto. \u00abEl Gobierno utilizar\u00e1 todos los medios legales a su alcance para evitar un refer\u00e9ndum de secesti\u00f3n. Toda la ley y solo la ley\u00bb, ha remachado, en un desayuno informativo organizado por Europa Press.<\/p>\n<p>Ante la pregunta expresa de si, entre las medidas que baraja el Ejecutivo figura la aplicaci\u00f3n del art\u00edculo 155 de la Constituci\u00f3n, que prev\u00e9 la retirada de competencias a una comunidad aut\u00f3noma, Margallo ha respondido:\u00bbIncluye todo lo que haya que incluir para que ese refer\u00e9ndum no se celebre\u00bb. El ministro ha recalcado que tanto \u00e9l como el presidente catal\u00e1n han prometido respetar las leyes y hacerlas respetar. Y ha se\u00f1alado, respecto de lo que ocurrir\u00e1 el 10 de noviembre, un d\u00eda despu\u00e9s de la fecha prevista para la consulta, que \u00aben la pol\u00edtica y en la vida no hay situaciones irreversibles\u00bb.<\/p>\n<p>\u00abDentro del marco de la Constituci\u00f3n y de las leyes todo es posible, pero fuera del marco de la Constituci\u00f3n y de las leyes nada es posible\u00bb, ha subrayado Margallo. Unas palabras que han llegado el mismo d\u00eda en que el presidente de Esquerra Republicana, Oriol Junqueras, ha ofrecido a Artur Mas, entrar a formar parte del Gobierno con el objetivo de \u201cblindar la consulta\u201d del 9 de noviembre despu\u00e9s de que el segundo abriera la puerta ayer a unas elecciones anticipadas. \u00abSi el Gobierno nos llama entraremos en el Gobierno\u00bb, ha afirmado el l\u00edder de la formaci\u00f3n independentista en la segunda jornada del debate de pol\u00edtica general del Parlamento catal\u00e1n.<\/p>\n<p>Margallo tambi\u00e9n ha dicho que ser\u00eda un \u00abprecedente p\u00e9simo, para la UE y para todo el mundo\u00bb que Escocia votara por la indepencencia en el refer\u00e9ndum del pr\u00f3ximo jueves y ha adverido del riesgo de \u00abfragmentaci\u00f3n balc\u00e1nica\u00bb en un escenario internacional inestable en el que se apuesta por mantener la integridad terrotorial de los estados como factor de estabilizaci\u00f3n. El jefe de la diplomacia espa\u00f1ola ha negado haber mantenido alg\u00fan contacto con el lider independentista escoce\u00e9s Alex Salmond y no ha querido pronunciarse sobre la pobilidad de que Espa\u00f1a vete el ingreso en la UE de una hipot\u00e9tica Escocia independiente.<\/p>\n","protected":false},"excerpt":{"rendered":"<p>Madrid.El titular de Asuntos Exteriores, Jos\u00e9 Manuel Garc\u00eda-Margallo, no ha descartado este martes que el Gobierno suspenda la autonom\u00eda de Catalu\u00f1a si el presidente Artur Mas sigue adelante con su prop\u00f3sito de convocar la consultasoberanista. \u00abHay l\u00edneas que no se pueden franquear\u00bb, ha advertido el ministrto. \u00abEl Gobierno utilizar\u00e1 todos los medios legales a su [&hellip;]<\/p>\n","protected":false},"author":1,"featured_media":0,"comment_status":"open","ping_status":"open","sticky":false,"template":"","format":"standard","meta":{"footnotes":""},"categories":[1],"tags":[],"class_list":["post-1970","post","type-post","status-publish","format-standard","hentry","category-entretenimiento"],"_links":{"self":[{"href":"https:\/\/2horizontes.com\/index.php?rest_route=\/wp\/v2\/posts\/1970","targetHints":{"allow":["GET"]}}],"collection":[{"href":"https:\/\/2horizontes.com\/index.php?rest_route=\/wp\/v2\/posts"}],"about":[{"href":"https:\/\/2horizontes.com\/index.php?rest_route=\/wp\/v2\/types\/post"}],"author":[{"embeddable":true,"href":"https:\/\/2horizontes.com\/index.php?rest_route=\/wp\/v2\/users\/1"}],"replies":[{"embeddable":true,"href":"https:\/\/2horizontes.com\/index.php?rest_route=%2Fwp%2Fv2%2Fcomments&post=1970"}],"version-history":[{"count":1,"href":"https:\/\/2horizontes.com\/index.php?rest_route=\/wp\/v2\/posts\/1970\/revisions"}],"predecessor-version":[{"id":1972,"href":"https:\/\/2horizontes.com\/index.php?rest_route=\/wp\/v2\/posts\/1970\/revisions\/1972"}],"wp:attachment":[{"href":"https:\/\/2horizontes.com\/index.php?rest_route=%2Fwp%2Fv2%2Fmedia&parent=1970"}],"wp:term":[{"taxonomy":"category","embeddable":true,"href":"https:\/\/2horizontes.com\/index.php?rest_route=%2Fwp%2Fv2%2Fcategories&post=1970"},{"taxonomy":"post_tag","embeddable":true,"href":"https:\/\/2horizontes.com\/index.php?rest_route=%2Fwp%2Fv2%2Ftags&post=1970"}],"curies":[{"name":"wp","href":"https:\/\/api.w.org\/{rel}","templated":true}]}}