{"id":19698,"date":"2015-08-07T18:12:11","date_gmt":"2015-08-07T17:12:11","guid":{"rendered":"http:\/\/2horizontes.com\/?p=19698"},"modified":"2015-08-07T18:12:11","modified_gmt":"2015-08-07T17:12:11","slug":"periodista-pone-a-circular-libro-sobre-region-sur-rd-y-turismo","status":"publish","type":"post","link":"https:\/\/2horizontes.com\/?p=19698","title":{"rendered":"Periodista pone a circular libro sobre regi\u00f3n Sur RD y turismo"},"content":{"rendered":"<p>RD- SANTO OMINGO- El periodista Carlos Julio F\u00e9liz plante\u00f3 anoche que la regi\u00f3n Sur, y en especial Pedernales, es el escenario perfecto para desarrollar el modelo de turismo sostenible en toda el \u00e1rea del Caribe.<\/p>\n<p>El comunicador dijo que Pedernales, su comunidad y como parte del Cuarto Polo Tur\u00edstico, es la zona de mayor perspectiva por las inmensas potencialidades desconocidas a\u00fan por el mundo eco tur\u00edstico.<\/p>\n<p>F\u00e9liz dijo que ante las nuevas relaciones entre Cuba y Estados Unidos, el Sur dominicano es el escudo del turismo del pa\u00eds de cara a las nuevas perspectivas que se abrir\u00e1n sobre el turismo sostenible, la nueva tendencia a nivel mundial.<\/p>\n<p>Dijo que antes de cerrar el a\u00f1o, el gobierno deber\u00e1 estar dando el primer picazo de la primera gran obra si quiere transmitir una confianza real a los moradores del Sur.<\/p>\n<p>Expres\u00f3 que nunca antes como ahora, \u00e9l hab\u00eda visto tanta seguridad de que el turismo ser\u00e1 una realidad en su regi\u00f3n Sur, pero que pese a todo la gente ha recibido la reciente noticia sobre el desarrollo de Pedernales con escepticismo.<\/p>\n<p>El periodista y escritor habl\u00f3 en la puesta en circulaci\u00f3n, de su libro \u201cEl Sur: M\u00e1s de un mill\u00f3n de Palabras\u201d, el m\u00e1s extraordinario -seg\u00fan el autor- que se ha escrito a esa regi\u00f3n de grandes perspectivas tur\u00edsticas, escrito en ingl\u00e9s y espa\u00f1ol.<\/p>\n<p>Al acto asistieron varios ministros, legisladores, funcionarios, intelectuales, gobernadores, alcaldes, compa\u00f1eros de labores del autor y representantes de la regi\u00f3n sur y de su natal Pedernales.<\/p>\n<p>La obra, que consta de 554 p\u00e1ginas, describe las bellezas, la historia, la cultura, las tradiciones y las costumbres de las provincias San Crist\u00f3bal, Peravia, Ocoa, Azua, San Juan, El\u00edas Pi\u00f1a, Bahoruco, Independencia, Barahona y Pedernales.<\/p>\n<p>\u201cEs la m\u00e1s extraordinaria y trascendental que se ha escrito a mi regi\u00f3n, no tengo dudas. Y pienso que ninguna otra zona cuenta con algo igual\u201d, dijo el destacado periodista de Pedernales quien manifest\u00f3 que este nuevo libro es el resultado de m\u00e1s de cuatro a\u00f1os de trabajo, incluyendo la investigaci\u00f3n.<\/p>\n<p>Y llega en el mejor momento, se\u00f1al\u00f3 F\u00e9liz, tras se\u00f1alar que ser\u00e1 de gran orgullo para el pa\u00eds y sobre todo para los habitantes del Sur este libro que cuenta con alrededor de 600 fotograf\u00edas, de su autor\u00eda, sobre lugares y atractivos de la regi\u00f3n, la cual define como el para\u00edso del Caribe.<\/p>\n<p>La traducci\u00f3n, se\u00f1al\u00f3, es del se\u00f1or V\u00edctor Rafael Garc\u00eda, un intelectual biling\u00fce, con quien le une una gran amistad desde los a\u00f1os setenta en Pedernales, su provincia natal, y a la que dedica una buena parte de la obra. Tambi\u00e9n cont\u00f3 con el aporte de otros traductores nacionales y extranjeros.<\/p>\n","protected":false},"excerpt":{"rendered":"<p>RD- SANTO OMINGO- El periodista Carlos Julio F\u00e9liz plante\u00f3 anoche que la regi\u00f3n Sur, y en especial Pedernales, es el escenario perfecto para desarrollar el modelo de turismo sostenible en toda el \u00e1rea del Caribe. El comunicador dijo que Pedernales, su comunidad y como parte del Cuarto Polo Tur\u00edstico, es la zona de mayor perspectiva [&hellip;]<\/p>\n","protected":false},"author":8,"featured_media":19699,"comment_status":"open","ping_status":"open","sticky":false,"template":"","format":"standard","meta":{"footnotes":""},"categories":[84,44,64],"tags":[],"class_list":["post-19698","post","type-post","status-publish","format-standard","has-post-thumbnail","hentry","category-otras-noticias","category-republica-dominicana","category-turismo"],"_links":{"self":[{"href":"https:\/\/2horizontes.com\/index.php?rest_route=\/wp\/v2\/posts\/19698","targetHints":{"allow":["GET"]}}],"collection":[{"href":"https:\/\/2horizontes.com\/index.php?rest_route=\/wp\/v2\/posts"}],"about":[{"href":"https:\/\/2horizontes.com\/index.php?rest_route=\/wp\/v2\/types\/post"}],"author":[{"embeddable":true,"href":"https:\/\/2horizontes.com\/index.php?rest_route=\/wp\/v2\/users\/8"}],"replies":[{"embeddable":true,"href":"https:\/\/2horizontes.com\/index.php?rest_route=%2Fwp%2Fv2%2Fcomments&post=19698"}],"version-history":[{"count":1,"href":"https:\/\/2horizontes.com\/index.php?rest_route=\/wp\/v2\/posts\/19698\/revisions"}],"predecessor-version":[{"id":19700,"href":"https:\/\/2horizontes.com\/index.php?rest_route=\/wp\/v2\/posts\/19698\/revisions\/19700"}],"wp:featuredmedia":[{"embeddable":true,"href":"https:\/\/2horizontes.com\/index.php?rest_route=\/wp\/v2\/media\/19699"}],"wp:attachment":[{"href":"https:\/\/2horizontes.com\/index.php?rest_route=%2Fwp%2Fv2%2Fmedia&parent=19698"}],"wp:term":[{"taxonomy":"category","embeddable":true,"href":"https:\/\/2horizontes.com\/index.php?rest_route=%2Fwp%2Fv2%2Fcategories&post=19698"},{"taxonomy":"post_tag","embeddable":true,"href":"https:\/\/2horizontes.com\/index.php?rest_route=%2Fwp%2Fv2%2Ftags&post=19698"}],"curies":[{"name":"wp","href":"https:\/\/api.w.org\/{rel}","templated":true}]}}