{"id":19686,"date":"2015-08-07T17:36:26","date_gmt":"2015-08-07T16:36:26","guid":{"rendered":"http:\/\/2horizontes.com\/?p=19686"},"modified":"2015-08-07T17:36:26","modified_gmt":"2015-08-07T16:36:26","slug":"instruyen-profesores-para-garantizar-el-acceso-de-personas-ciegas-al-uso-de-computadoras-y-celulares","status":"publish","type":"post","link":"https:\/\/2horizontes.com\/?p=19686","title":{"rendered":"Instruyen profesores para garantizar el acceso de personas ciegas al uso de computadoras y celulares"},"content":{"rendered":"<div id=\"ArticleBody\">\n<p>RD-SANTO DOMINGO-Para garantizar el acceso de las personas ciegas y de baja visi\u00f3n al uso\u00a0 de celulares, computadoras, tabletas y otras herramientas tecnol\u00f3gicas,\u00a0 decenas de profesores que trabajan con estudiantes con discapacidad visual est\u00e1n siendo capacitados en el Centro Nacional de Recursos Educativos para la Discapacidad Visual (Olga Estrella).<\/p>\n<p>Las instrucciones en el uso de estas tecnolog\u00edas est\u00e1n siendo impartidas por instructores ciegos que han sido capacitados en dichas \u00e1reas, quienes explicaron que a estos equipos se les bajan aplicaciones donde mediante voz se les dan las instrucciones al usuario que les permiten buscar informaciones,\u00a0 chatear y navegar sin limitaciones.<\/p>\n<p>En el curso taller Introducci\u00f3n a la Tecnolog\u00eda, Accesibilidad a la Tecnolog\u00eda para Personas con Discapacidad Visual, participan sobre los 60 profesores, quienes a la vez se convertir\u00e1n en instructores de estudiantes con discapacidad visual en r\u00e9gimen incluidos y en programas de educaci\u00f3n especial.<\/p>\n<p>Los detalles fueron ofrecidos por la licenciada Juana Mar\u00eda Suero, coordinadora de la Unidad de Capacitaci\u00f3n del centro, quien explic\u00f3 que el curso tiene una duraci\u00f3n de tres d\u00edas quien dijo que con ello se busca fortalecer a los docentes que trabajan con estudiantes con discapacidad visual para que puedan llevar las orientaciones adecuadas.<\/p>\n<p>Dijo que la tecnolog\u00eda es un recurso de gran importancia para las personas con discapacidad para adaptarse a los cambios que exige la sociedad actual.<\/p>\n<p>El curso se lleva a cabo en la sede del Centro Nacional de Recursos Educativos para la Discapacidad Visual.<\/p>\n<\/div>\n<div><\/div>\n<p>&nbsp;<\/p>\n","protected":false},"excerpt":{"rendered":"<p>RD-SANTO DOMINGO-Para garantizar el acceso de las personas ciegas y de baja visi\u00f3n al uso\u00a0 de celulares, computadoras, tabletas y otras herramientas tecnol\u00f3gicas,\u00a0 decenas de profesores que trabajan con estudiantes con discapacidad visual est\u00e1n siendo capacitados en el Centro Nacional de Recursos Educativos para la Discapacidad Visual (Olga Estrella). Las instrucciones en el uso de [&hellip;]<\/p>\n","protected":false},"author":8,"featured_media":19687,"comment_status":"open","ping_status":"open","sticky":false,"template":"","format":"standard","meta":{"footnotes":""},"categories":[84,44],"tags":[],"class_list":["post-19686","post","type-post","status-publish","format-standard","has-post-thumbnail","hentry","category-otras-noticias","category-republica-dominicana"],"_links":{"self":[{"href":"https:\/\/2horizontes.com\/index.php?rest_route=\/wp\/v2\/posts\/19686","targetHints":{"allow":["GET"]}}],"collection":[{"href":"https:\/\/2horizontes.com\/index.php?rest_route=\/wp\/v2\/posts"}],"about":[{"href":"https:\/\/2horizontes.com\/index.php?rest_route=\/wp\/v2\/types\/post"}],"author":[{"embeddable":true,"href":"https:\/\/2horizontes.com\/index.php?rest_route=\/wp\/v2\/users\/8"}],"replies":[{"embeddable":true,"href":"https:\/\/2horizontes.com\/index.php?rest_route=%2Fwp%2Fv2%2Fcomments&post=19686"}],"version-history":[{"count":1,"href":"https:\/\/2horizontes.com\/index.php?rest_route=\/wp\/v2\/posts\/19686\/revisions"}],"predecessor-version":[{"id":19688,"href":"https:\/\/2horizontes.com\/index.php?rest_route=\/wp\/v2\/posts\/19686\/revisions\/19688"}],"wp:featuredmedia":[{"embeddable":true,"href":"https:\/\/2horizontes.com\/index.php?rest_route=\/wp\/v2\/media\/19687"}],"wp:attachment":[{"href":"https:\/\/2horizontes.com\/index.php?rest_route=%2Fwp%2Fv2%2Fmedia&parent=19686"}],"wp:term":[{"taxonomy":"category","embeddable":true,"href":"https:\/\/2horizontes.com\/index.php?rest_route=%2Fwp%2Fv2%2Fcategories&post=19686"},{"taxonomy":"post_tag","embeddable":true,"href":"https:\/\/2horizontes.com\/index.php?rest_route=%2Fwp%2Fv2%2Ftags&post=19686"}],"curies":[{"name":"wp","href":"https:\/\/api.w.org\/{rel}","templated":true}]}}