{"id":19683,"date":"2015-08-07T17:29:16","date_gmt":"2015-08-07T16:29:16","guid":{"rendered":"http:\/\/2horizontes.com\/?p=19683"},"modified":"2015-08-07T17:29:16","modified_gmt":"2015-08-07T16:29:16","slug":"maximo-baez-aybar-es-designado-otra-vez-vocero-de-la-policia-en-rd","status":"publish","type":"post","link":"https:\/\/2horizontes.com\/?p=19683","title":{"rendered":"M\u00e1ximo B\u00e1ez Aybar es designado otra vez vocero de la Polic\u00eda en RD"},"content":{"rendered":"<div id=\"ArticleBody\">\n<p>RD- SANTO DOMINGO-El jefe de la Polic\u00eda Nacional, mayor general Nelson Peguero Paredes, designo como vocero de esa entidad al general M\u00e1ximo B\u00e1ez Aybar en sustituci\u00f3n del coronel Jacobo Mateo Moquete.<\/p>\n<p>La informaci\u00f3n fue divulgada en la cuenta de Twitter de la Polic\u00eda Nacional @PoliciaRD.<\/p>\n<p>De acuerdo al tuit, esta ma\u00f1ana a B\u00e1ez Aybar se le har\u00e1 entrega del cargo en el Palacio policia.<\/p>\n<p>Esta es la segunda ocasi\u00f3n en que B\u00e1ez Aybar ocupa ese cargo. La primera fue durante la gesti\u00f3n del exjefe de la Polic\u00eda Jos\u00e9 Armando Polanco G\u00f3mez.<\/p>\n<\/div>\n<div><\/div>\n<p>&nbsp;<\/p>\n","protected":false},"excerpt":{"rendered":"<p>RD- SANTO DOMINGO-El jefe de la Polic\u00eda Nacional, mayor general Nelson Peguero Paredes, designo como vocero de esa entidad al general M\u00e1ximo B\u00e1ez Aybar en sustituci\u00f3n del coronel Jacobo Mateo Moquete. La informaci\u00f3n fue divulgada en la cuenta de Twitter de la Polic\u00eda Nacional @PoliciaRD. De acuerdo al tuit, esta ma\u00f1ana a B\u00e1ez Aybar se [&hellip;]<\/p>\n","protected":false},"author":8,"featured_media":19684,"comment_status":"open","ping_status":"open","sticky":false,"template":"","format":"standard","meta":{"footnotes":""},"categories":[44],"tags":[],"class_list":["post-19683","post","type-post","status-publish","format-standard","has-post-thumbnail","hentry","category-republica-dominicana"],"_links":{"self":[{"href":"https:\/\/2horizontes.com\/index.php?rest_route=\/wp\/v2\/posts\/19683","targetHints":{"allow":["GET"]}}],"collection":[{"href":"https:\/\/2horizontes.com\/index.php?rest_route=\/wp\/v2\/posts"}],"about":[{"href":"https:\/\/2horizontes.com\/index.php?rest_route=\/wp\/v2\/types\/post"}],"author":[{"embeddable":true,"href":"https:\/\/2horizontes.com\/index.php?rest_route=\/wp\/v2\/users\/8"}],"replies":[{"embeddable":true,"href":"https:\/\/2horizontes.com\/index.php?rest_route=%2Fwp%2Fv2%2Fcomments&post=19683"}],"version-history":[{"count":1,"href":"https:\/\/2horizontes.com\/index.php?rest_route=\/wp\/v2\/posts\/19683\/revisions"}],"predecessor-version":[{"id":19685,"href":"https:\/\/2horizontes.com\/index.php?rest_route=\/wp\/v2\/posts\/19683\/revisions\/19685"}],"wp:featuredmedia":[{"embeddable":true,"href":"https:\/\/2horizontes.com\/index.php?rest_route=\/wp\/v2\/media\/19684"}],"wp:attachment":[{"href":"https:\/\/2horizontes.com\/index.php?rest_route=%2Fwp%2Fv2%2Fmedia&parent=19683"}],"wp:term":[{"taxonomy":"category","embeddable":true,"href":"https:\/\/2horizontes.com\/index.php?rest_route=%2Fwp%2Fv2%2Fcategories&post=19683"},{"taxonomy":"post_tag","embeddable":true,"href":"https:\/\/2horizontes.com\/index.php?rest_route=%2Fwp%2Fv2%2Ftags&post=19683"}],"curies":[{"name":"wp","href":"https:\/\/api.w.org\/{rel}","templated":true}]}}