{"id":19672,"date":"2015-08-07T16:57:48","date_gmt":"2015-08-07T15:57:48","guid":{"rendered":"http:\/\/2horizontes.com\/?p=19672"},"modified":"2015-08-07T16:57:48","modified_gmt":"2015-08-07T15:57:48","slug":"asde-incorpora-45-camiones-para-recoger-basura","status":"publish","type":"post","link":"https:\/\/2horizontes.com\/?p=19672","title":{"rendered":"ASDE incorpora 45 camiones para recoger basura"},"content":{"rendered":"<p><strong>RD-Santo Domingo Este.<\/strong> El Ayuntamiento de Santo Domingo Este anunci\u00f3 la implementaci\u00f3n de una serie de medidas a ejecutar a partir de esta semana tendentes a fortalecer y reforzar el servicio de retiro de desechos s\u00f3lidos.<\/p>\n<p>El alcalde Juan de los Santos anunci\u00f3 que para reforzar los servicios de retiro de desechos s\u00f3lidos se incorporar\u00e1n 45 camiones recolectores y decenas de obreros capacitados e identificados que llevar\u00e1n a cabo las nuevas rutas y frecuencias que se desarrollar\u00e1n los d\u00edas lunes, mi\u00e9rcoles y viernes, as\u00ed como martes, jueves y s\u00e1bado y los domingos un servicio especial adem\u00e1s de la ruta diaria en calles y avenidas.<\/p>\n<p>Con este relanzamiento de rutas y frecuencias de retiro de desechos s\u00f3lidos, el ASDE persigue mantener la higiene y la limpieza de Santo Domingo Este.<\/p>\n<p>Juan de los Santos llam\u00f3 a los mun\u00edcipes para que esperen por el cami\u00f3n y saquen sus desechos y no los lancen a las calles para evitar los vertederos improvisados.<\/p>\n<p>Para mayor eficacia de este relanzamiento la Alcald\u00eda de Santo Domingo Este llevar\u00e1 a cabo un programa de educaci\u00f3n ciudadana con charlas, perifoneo y entrega de volantes para dar a conocer los d\u00edas y hora que pasar\u00e1 el cami\u00f3n recolector.<\/p>\n","protected":false},"excerpt":{"rendered":"<p>RD-Santo Domingo Este. El Ayuntamiento de Santo Domingo Este anunci\u00f3 la implementaci\u00f3n de una serie de medidas a ejecutar a partir de esta semana tendentes a fortalecer y reforzar el servicio de retiro de desechos s\u00f3lidos. El alcalde Juan de los Santos anunci\u00f3 que para reforzar los servicios de retiro de desechos s\u00f3lidos se incorporar\u00e1n [&hellip;]<\/p>\n","protected":false},"author":8,"featured_media":19673,"comment_status":"open","ping_status":"open","sticky":false,"template":"","format":"standard","meta":{"footnotes":""},"categories":[44],"tags":[],"class_list":["post-19672","post","type-post","status-publish","format-standard","has-post-thumbnail","hentry","category-republica-dominicana"],"_links":{"self":[{"href":"https:\/\/2horizontes.com\/index.php?rest_route=\/wp\/v2\/posts\/19672","targetHints":{"allow":["GET"]}}],"collection":[{"href":"https:\/\/2horizontes.com\/index.php?rest_route=\/wp\/v2\/posts"}],"about":[{"href":"https:\/\/2horizontes.com\/index.php?rest_route=\/wp\/v2\/types\/post"}],"author":[{"embeddable":true,"href":"https:\/\/2horizontes.com\/index.php?rest_route=\/wp\/v2\/users\/8"}],"replies":[{"embeddable":true,"href":"https:\/\/2horizontes.com\/index.php?rest_route=%2Fwp%2Fv2%2Fcomments&post=19672"}],"version-history":[{"count":1,"href":"https:\/\/2horizontes.com\/index.php?rest_route=\/wp\/v2\/posts\/19672\/revisions"}],"predecessor-version":[{"id":19674,"href":"https:\/\/2horizontes.com\/index.php?rest_route=\/wp\/v2\/posts\/19672\/revisions\/19674"}],"wp:featuredmedia":[{"embeddable":true,"href":"https:\/\/2horizontes.com\/index.php?rest_route=\/wp\/v2\/media\/19673"}],"wp:attachment":[{"href":"https:\/\/2horizontes.com\/index.php?rest_route=%2Fwp%2Fv2%2Fmedia&parent=19672"}],"wp:term":[{"taxonomy":"category","embeddable":true,"href":"https:\/\/2horizontes.com\/index.php?rest_route=%2Fwp%2Fv2%2Fcategories&post=19672"},{"taxonomy":"post_tag","embeddable":true,"href":"https:\/\/2horizontes.com\/index.php?rest_route=%2Fwp%2Fv2%2Ftags&post=19672"}],"curies":[{"name":"wp","href":"https:\/\/api.w.org\/{rel}","templated":true}]}}