{"id":19560,"date":"2015-08-07T02:45:29","date_gmt":"2015-08-07T01:45:29","guid":{"rendered":"http:\/\/2horizontes.com\/?p=19560"},"modified":"2015-08-07T02:45:29","modified_gmt":"2015-08-07T01:45:29","slug":"matan-capitan-del-ejercito-para-quitarle-su-arma-rd","status":"publish","type":"post","link":"https:\/\/2horizontes.com\/?p=19560","title":{"rendered":"Matan capit\u00e1n del Ej\u00e9rcito para quitarle su arma RD"},"content":{"rendered":"<p>RD- SANTO DOMINGO ESTE-Dos presuntos delincuentes mataron a tiros a un capit\u00e1n del Ej\u00e9rcito de la Rep\u00fablica Dominicana (ERD), alegadamente en un intento de atraco para quitarle su arma de reglamento, en un hecho ocurrido en el sector La Ure\u00f1a, Santo Domingo Este, inform\u00f3 este jueves la Polic\u00eda.<\/p>\n<p>Dijo con relaci\u00f3n al caso son perseguidos Ram\u00f3n Cabrera Salcedo (Tatica) y otro hombre a\u00fan no identificado, por las autoridades, por dar muerte anoche al capit\u00e1n Juan de la Cruz Herrera Reyes.<\/p>\n<p>La Polic\u00eda inform\u00f3, adem\u00e1s, que con relaci\u00f3n al caso son investigadas otras dos personas, cuyas identidades se hacen reservas, hasta profundizar las pesquisas.<\/p>\n<p>El reporte preliminar indica que el capit\u00e1n Herrera Reyes fue atacado a tiros por dos hombres que se transportaban en una motocicleta, quienes habr\u00edan intentado despojar a la v\u00edctima de su arma de reglamento.<\/p>\n<p>El deceso del oficial del ERD se produjo en el Hospital Ram\u00f3n de Lara, donde fue llevado para tratar de salvarle la vida.<\/p>\n<p>La agresi\u00f3n, de acuerdo al informe preliminar, se registr\u00f3 cuando el militar se dirig\u00eda a su vivienda, en compa\u00f1\u00eda de Bladimir Garc\u00eda, de 23 a\u00f1os, residente en el mismo sector.<\/p>\n<p>Las autoridades buscan de manera activa a los delincuentes.<\/p>\n<p>&nbsp;<\/p>\n","protected":false},"excerpt":{"rendered":"<p>RD- SANTO DOMINGO ESTE-Dos presuntos delincuentes mataron a tiros a un capit\u00e1n del Ej\u00e9rcito de la Rep\u00fablica Dominicana (ERD), alegadamente en un intento de atraco para quitarle su arma de reglamento, en un hecho ocurrido en el sector La Ure\u00f1a, Santo Domingo Este, inform\u00f3 este jueves la Polic\u00eda. Dijo con relaci\u00f3n al caso son perseguidos [&hellip;]<\/p>\n","protected":false},"author":8,"featured_media":19561,"comment_status":"open","ping_status":"open","sticky":false,"template":"","format":"standard","meta":{"footnotes":""},"categories":[44],"tags":[],"class_list":["post-19560","post","type-post","status-publish","format-standard","has-post-thumbnail","hentry","category-republica-dominicana"],"_links":{"self":[{"href":"https:\/\/2horizontes.com\/index.php?rest_route=\/wp\/v2\/posts\/19560","targetHints":{"allow":["GET"]}}],"collection":[{"href":"https:\/\/2horizontes.com\/index.php?rest_route=\/wp\/v2\/posts"}],"about":[{"href":"https:\/\/2horizontes.com\/index.php?rest_route=\/wp\/v2\/types\/post"}],"author":[{"embeddable":true,"href":"https:\/\/2horizontes.com\/index.php?rest_route=\/wp\/v2\/users\/8"}],"replies":[{"embeddable":true,"href":"https:\/\/2horizontes.com\/index.php?rest_route=%2Fwp%2Fv2%2Fcomments&post=19560"}],"version-history":[{"count":1,"href":"https:\/\/2horizontes.com\/index.php?rest_route=\/wp\/v2\/posts\/19560\/revisions"}],"predecessor-version":[{"id":19562,"href":"https:\/\/2horizontes.com\/index.php?rest_route=\/wp\/v2\/posts\/19560\/revisions\/19562"}],"wp:featuredmedia":[{"embeddable":true,"href":"https:\/\/2horizontes.com\/index.php?rest_route=\/wp\/v2\/media\/19561"}],"wp:attachment":[{"href":"https:\/\/2horizontes.com\/index.php?rest_route=%2Fwp%2Fv2%2Fmedia&parent=19560"}],"wp:term":[{"taxonomy":"category","embeddable":true,"href":"https:\/\/2horizontes.com\/index.php?rest_route=%2Fwp%2Fv2%2Fcategories&post=19560"},{"taxonomy":"post_tag","embeddable":true,"href":"https:\/\/2horizontes.com\/index.php?rest_route=%2Fwp%2Fv2%2Ftags&post=19560"}],"curies":[{"name":"wp","href":"https:\/\/api.w.org\/{rel}","templated":true}]}}