{"id":19538,"date":"2015-08-07T01:49:00","date_gmt":"2015-08-07T00:49:00","guid":{"rendered":"http:\/\/2horizontes.com\/?p=19538"},"modified":"2015-08-07T01:49:00","modified_gmt":"2015-08-07T00:49:00","slug":"pacientes-afectados-con-paralizacion-en-hospital-publico-de-el-seibo-rd","status":"publish","type":"post","link":"https:\/\/2horizontes.com\/?p=19538","title":{"rendered":"Pacientes afectados con paralizaci\u00f3n en hospital p\u00fablico de El Seibo RD"},"content":{"rendered":"<p>RD- EL SEIBO-La crisis de servicios en el hospital p\u00fablico doctor Te\u00f3filo Hern\u00e1ndez de esta ciudad de El Seibo ha tocado fondo, al arribar a 40 d\u00edas de estar paralizadas las consultas del personal m\u00e9dico debido a conflictos con la gerencia y tres a\u00f1os de reconstrucci\u00f3n que lleva el centro de salud.<\/p>\n<p>Las historias humanas, son desgarradoras, aunque parecen hacerse normales, con pacientes que se agravan y mueren debido a la falta de atenci\u00f3n en este centro, cuyas labores tienen\u00a0 paralizadas 52 plazas que pertenecen a miembros de la filial del Colegio Medico Dominicano (CMD) y que solo laboran en las emergencias desde finales de junio.<\/p>\n<p>\u201cAl pasar un mes sin darse consultas debido a los conflictos entre m\u00e9dicos y la direcci\u00f3n del centro de salud, tres a\u00f1os de reconstrucci\u00f3n, se ha agravado la situaci\u00f3n por la negligencia e indiferencia de las autoridades en manejar este caso\u201d, reconoce el doctor Carlos de la Cruz, representante del CMD en la provincia.<\/p>\n<p>Considera que es imposible laborar en las condiciones actuales, dado el clima de tensi\u00f3n por la actitud del actual director y contar con una sola sala de cirug\u00eda, cuando el m\u00ednimo ha sido tres en este hospital por su categor\u00eda.<\/p>\n<p>El detonante para el paro que se mantiene, fue la agresi\u00f3n que seg\u00fan el gremio cometi\u00f3 el director Stalin Peguero contra una ginec\u00f3loga que se sum\u00f3 a otras que, de acuerdo a lo acordado en asamblea: \u201c no lo hacen reunir las condiciones de equilibrio mental para manejar este centro de salud\u201d.<\/p>\n<p>Mientras se denuncian deterioro en la salud de pacientes, especialmente que viajan desde comunidades rurales y falta de seguimiento de quienes padecen enfermedades terminales, el Ministerio de Salud P\u00fablica parece ajeno a la situaci\u00f3n.\u00a0 Se ha denunciado que muchos m\u00e9dicos no cumplen sus horarios.<\/p>\n<p>Solo las parturientas son referidas a salas desde la emergencia, donde se mantienen los servicios limitados a algunas excepciones de m\u00e9dicos militares.<\/p>\n<p>La crisis en el hospital p\u00fablico de esta ciudad ha rayado en lo cr\u00edtico, ameritando que fuera tratada por el alcalde Gerardo Casanova al presidente Danilo Medina en una de las visitas que realiz\u00f3 a esta ciudad.<\/p>\n<p>Sin embargo, pese a que en esa ocasi\u00f3n se orden\u00f3 su terminaci\u00f3n, tras m\u00e1s de casi tres a\u00f1os de reparaci\u00f3n que lleva el centro, sin terminar los trabajos y el trauma que\u00a0 ello implica para los pacientes, familiares y personal, se han agravado los\u00a0 problemas.<\/p>\n<p>El representante del CMD plantea que debi\u00f3 haber una salida y por un lado, lamenta que el director del centro, acusado de maltrato al personal, por los gremialistas que reclamaron su destituci\u00f3n en una asamblea, no se haya excusado siquiera.<\/p>\n<p>Sin atenci\u00f3n<\/p>\n<p>Debido a la situaci\u00f3n durante m\u00e1s de un mes los pacientes de este centro, que a\u00fan no termina su reparaci\u00f3n, se quedaron sin consultas de m\u00e9dicos, limitados escasamente a la emergencia. Aunque se ha reclama nunca ha intervenido la ministra Altagracia Guzm\u00e1n Marcelino en el caso.<\/p>\n<p>Un verdadero drama de centenares de personas que acuden sin ser atendidas y con consultas reprogramadas, se ha vivido en este centro que lleva un r\u00e9cord por ser el que m\u00e1s tiempo lleva sin terminar su reparaci\u00f3n. Tan solo el piso se ha montado y desmontado en m\u00e1s de tres ocasiones en algunas \u00e1reas.<\/p>\n<p>Esta semana se plante\u00f3 la mediaci\u00f3n de autoridades de la direcci\u00f3n regional de Salud P\u00fablica, para intervenir en el impase y ponerle fin a la paralizaci\u00f3n en el Hospital Te\u00f3filo Hern\u00e1ndez, de la provincia del Se\u00edbo, pero no ocurri\u00f3 nada.<\/p>\n<p>A diario acuden pacientes a buscar atenci\u00f3n, como es el caso de Maribel Acosta quien lleg\u00f3 con una menor al centro para una consulta, sin conocer qu\u00e9 ocurre y no pudo ser atendida. Tambi\u00e9n produce malestar la inasistencia de algunos m\u00e9dicos nombrados y que no cumplen con su compromiso o hay que \u201cvipearlos\u201d para que asistan a sus pacientes.<\/p>\n<p>Se ha planteado un acuerdo para que las partes envueltas en conflicto lleguen a un acuerdo y que el Ministerio de Salud reclame la terminaci\u00f3n definitiva del centro para que operen las 3 \u00e1reas para cirug\u00edas y todas las instalaciones que le son comunes a este centro de salud para que cumpla su cometido para los residentes de esta ciudad y zonas aleda\u00f1as.<\/p>\n","protected":false},"excerpt":{"rendered":"<p>RD- EL SEIBO-La crisis de servicios en el hospital p\u00fablico doctor Te\u00f3filo Hern\u00e1ndez de esta ciudad de El Seibo ha tocado fondo, al arribar a 40 d\u00edas de estar paralizadas las consultas del personal m\u00e9dico debido a conflictos con la gerencia y tres a\u00f1os de reconstrucci\u00f3n que lleva el centro de salud. Las historias humanas, [&hellip;]<\/p>\n","protected":false},"author":8,"featured_media":19539,"comment_status":"open","ping_status":"open","sticky":false,"template":"","format":"standard","meta":{"footnotes":""},"categories":[53,44],"tags":[],"class_list":["post-19538","post","type-post","status-publish","format-standard","has-post-thumbnail","hentry","category-provincias","category-republica-dominicana"],"_links":{"self":[{"href":"https:\/\/2horizontes.com\/index.php?rest_route=\/wp\/v2\/posts\/19538","targetHints":{"allow":["GET"]}}],"collection":[{"href":"https:\/\/2horizontes.com\/index.php?rest_route=\/wp\/v2\/posts"}],"about":[{"href":"https:\/\/2horizontes.com\/index.php?rest_route=\/wp\/v2\/types\/post"}],"author":[{"embeddable":true,"href":"https:\/\/2horizontes.com\/index.php?rest_route=\/wp\/v2\/users\/8"}],"replies":[{"embeddable":true,"href":"https:\/\/2horizontes.com\/index.php?rest_route=%2Fwp%2Fv2%2Fcomments&post=19538"}],"version-history":[{"count":1,"href":"https:\/\/2horizontes.com\/index.php?rest_route=\/wp\/v2\/posts\/19538\/revisions"}],"predecessor-version":[{"id":19540,"href":"https:\/\/2horizontes.com\/index.php?rest_route=\/wp\/v2\/posts\/19538\/revisions\/19540"}],"wp:featuredmedia":[{"embeddable":true,"href":"https:\/\/2horizontes.com\/index.php?rest_route=\/wp\/v2\/media\/19539"}],"wp:attachment":[{"href":"https:\/\/2horizontes.com\/index.php?rest_route=%2Fwp%2Fv2%2Fmedia&parent=19538"}],"wp:term":[{"taxonomy":"category","embeddable":true,"href":"https:\/\/2horizontes.com\/index.php?rest_route=%2Fwp%2Fv2%2Fcategories&post=19538"},{"taxonomy":"post_tag","embeddable":true,"href":"https:\/\/2horizontes.com\/index.php?rest_route=%2Fwp%2Fv2%2Ftags&post=19538"}],"curies":[{"name":"wp","href":"https:\/\/api.w.org\/{rel}","templated":true}]}}