{"id":19491,"date":"2015-08-06T18:13:28","date_gmt":"2015-08-06T17:13:28","guid":{"rendered":"http:\/\/2horizontes.com\/?p=19491"},"modified":"2015-08-06T18:13:28","modified_gmt":"2015-08-06T17:13:28","slug":"espana-se-enfrentara-a-sequias-como-la-de-california-segun-wwf","status":"publish","type":"post","link":"https:\/\/2horizontes.com\/?p=19491","title":{"rendered":"Espa\u00f1a se enfrentar\u00e1 a sequ\u00edas como la de California, seg\u00fan WWF"},"content":{"rendered":"<p>La organizaci\u00f3n ecologista WWF ha alerta de que Espa\u00f1a \u00absufrir\u00e1 con frecuencia en el futuro sequ\u00edas extremas\u00bb como las del estado norteamericano de California si no hay una reducci\u00f3n efectiva de emisiones para luchar contra el cambio clim\u00e1tico.<\/p>\n<p>Seg\u00fan el Panel Intergubernamental de Cambio Clim\u00e1tico de la ONU, las zonas mediterr\u00e1neas son las m\u00e1s vulnerables del planeta, por lo que cada vez habr\u00e1 menos agua en los r\u00edos y humedales de Espa\u00f1a. El impacto ser\u00e1 especialmente severo en la mitad sur peninsular y el levante, donde las precipitaciones se reducir\u00e1n hasta un 30% a finales de siglo.<\/p>\n<p>Para Espa\u00f1a se pronostica un aumento de las temperaturas a final de siglo de hasta 4\u00baC en invierno y 6\u00baC en verano, unido a unos periodos de sequ\u00eda m\u00e1s largos, frecuentes e impredecibles.<\/p>\n<p>DEVASTADORAS CONSECUENCIAS<\/p>\n<p>WWF alerta de que las consecuencias para los r\u00edos y para los humedales emblem\u00e1ticos, como Do\u00f1ana o las Tablas de Daimiel, ser\u00e1n \u00abdevastadoras\u00bb.<\/p>\n<p>Seg\u00fan la ONG, la hist\u00f3rica sequ\u00eda que sufre el estado de California desde hace cuatro a\u00f1os, vinculada a los efectos del cambio clim\u00e1tico, es un claro ejemplo de lo que ocurrir\u00e1 con frecuencia en regiones secas como las mediterr\u00e1neas.<\/p>\n","protected":false},"excerpt":{"rendered":"<p>La organizaci\u00f3n ecologista WWF ha alerta de que Espa\u00f1a \u00absufrir\u00e1 con frecuencia en el futuro sequ\u00edas extremas\u00bb como las del estado norteamericano de California si no hay una reducci\u00f3n efectiva de emisiones para luchar contra el cambio clim\u00e1tico. Seg\u00fan el Panel Intergubernamental de Cambio Clim\u00e1tico de la ONU, las zonas mediterr\u00e1neas son las m\u00e1s vulnerables [&hellip;]<\/p>\n","protected":false},"author":3,"featured_media":19492,"comment_status":"open","ping_status":"open","sticky":false,"template":"","format":"standard","meta":{"footnotes":""},"categories":[85],"tags":[],"class_list":["post-19491","post","type-post","status-publish","format-standard","has-post-thumbnail","hentry","category-espana"],"_links":{"self":[{"href":"https:\/\/2horizontes.com\/index.php?rest_route=\/wp\/v2\/posts\/19491","targetHints":{"allow":["GET"]}}],"collection":[{"href":"https:\/\/2horizontes.com\/index.php?rest_route=\/wp\/v2\/posts"}],"about":[{"href":"https:\/\/2horizontes.com\/index.php?rest_route=\/wp\/v2\/types\/post"}],"author":[{"embeddable":true,"href":"https:\/\/2horizontes.com\/index.php?rest_route=\/wp\/v2\/users\/3"}],"replies":[{"embeddable":true,"href":"https:\/\/2horizontes.com\/index.php?rest_route=%2Fwp%2Fv2%2Fcomments&post=19491"}],"version-history":[{"count":1,"href":"https:\/\/2horizontes.com\/index.php?rest_route=\/wp\/v2\/posts\/19491\/revisions"}],"predecessor-version":[{"id":19493,"href":"https:\/\/2horizontes.com\/index.php?rest_route=\/wp\/v2\/posts\/19491\/revisions\/19493"}],"wp:featuredmedia":[{"embeddable":true,"href":"https:\/\/2horizontes.com\/index.php?rest_route=\/wp\/v2\/media\/19492"}],"wp:attachment":[{"href":"https:\/\/2horizontes.com\/index.php?rest_route=%2Fwp%2Fv2%2Fmedia&parent=19491"}],"wp:term":[{"taxonomy":"category","embeddable":true,"href":"https:\/\/2horizontes.com\/index.php?rest_route=%2Fwp%2Fv2%2Fcategories&post=19491"},{"taxonomy":"post_tag","embeddable":true,"href":"https:\/\/2horizontes.com\/index.php?rest_route=%2Fwp%2Fv2%2Ftags&post=19491"}],"curies":[{"name":"wp","href":"https:\/\/api.w.org\/{rel}","templated":true}]}}