{"id":19468,"date":"2015-08-06T16:48:25","date_gmt":"2015-08-06T15:48:25","guid":{"rendered":"http:\/\/2horizontes.com\/?p=19468"},"modified":"2015-08-06T16:48:25","modified_gmt":"2015-08-06T15:48:25","slug":"fuego-destruye-15-viviendas-en-comunidad-de-santiago-rd","status":"publish","type":"post","link":"https:\/\/2horizontes.com\/?p=19468","title":{"rendered":"Fuego destruye 15 viviendas en comunidad de Santiago RD"},"content":{"rendered":"<article class=\"contenidoArticulo\">\n<div class=\"cuerpoNoticia\">\n<p><strong>RD-Santiago.-<\/strong>Un fuego destruy\u00f3 15 viviendas y una f\u00e1brica de roquetes, dejando a la intemperie al menos 16 familias de la comunidad La Ermita del sector Gurabo.<\/p>\n<p>Los afectados informaron que el siniestro inici\u00f3 con un corto circuito en la empresa Rabinos del Cibao y se extendi\u00f3 hacia las viviendas ocupadas por dominicanos y tres familias haitianas.<\/p>\n<p>Rafael Abreu, uno de los afectados, dijo que apenas pudo sacar un machete y un tanque de gas.<\/p>\n<p>Culpa de las dificultades que enfrentaron a los Bomberos para apagar el fuego, a los c\u00famulos de tierra dejadas por la Alcald\u00eda en la construcci\u00f3n de un puente en la v\u00eda, cuyos trabajos llevan siete meses paralizados.<\/p>\n<p>El fuego se produjo a las 4:00 de la ma\u00f1ana, en la calle 18 de la referida comunidad. No se reportaron personas lesionadas o con quemaduras. Mientras que los afectados esperan por la ayuda de las autoridades.<\/p>\n<\/div>\n<\/article>\n<p>&nbsp;<\/p>\n","protected":false},"excerpt":{"rendered":"<p>RD-Santiago.-Un fuego destruy\u00f3 15 viviendas y una f\u00e1brica de roquetes, dejando a la intemperie al menos 16 familias de la comunidad La Ermita del sector Gurabo. Los afectados informaron que el siniestro inici\u00f3 con un corto circuito en la empresa Rabinos del Cibao y se extendi\u00f3 hacia las viviendas ocupadas por dominicanos y tres familias [&hellip;]<\/p>\n","protected":false},"author":8,"featured_media":19475,"comment_status":"open","ping_status":"open","sticky":false,"template":"","format":"standard","meta":{"footnotes":""},"categories":[53,44],"tags":[],"class_list":["post-19468","post","type-post","status-publish","format-standard","has-post-thumbnail","hentry","category-provincias","category-republica-dominicana"],"_links":{"self":[{"href":"https:\/\/2horizontes.com\/index.php?rest_route=\/wp\/v2\/posts\/19468","targetHints":{"allow":["GET"]}}],"collection":[{"href":"https:\/\/2horizontes.com\/index.php?rest_route=\/wp\/v2\/posts"}],"about":[{"href":"https:\/\/2horizontes.com\/index.php?rest_route=\/wp\/v2\/types\/post"}],"author":[{"embeddable":true,"href":"https:\/\/2horizontes.com\/index.php?rest_route=\/wp\/v2\/users\/8"}],"replies":[{"embeddable":true,"href":"https:\/\/2horizontes.com\/index.php?rest_route=%2Fwp%2Fv2%2Fcomments&post=19468"}],"version-history":[{"count":1,"href":"https:\/\/2horizontes.com\/index.php?rest_route=\/wp\/v2\/posts\/19468\/revisions"}],"predecessor-version":[{"id":19476,"href":"https:\/\/2horizontes.com\/index.php?rest_route=\/wp\/v2\/posts\/19468\/revisions\/19476"}],"wp:featuredmedia":[{"embeddable":true,"href":"https:\/\/2horizontes.com\/index.php?rest_route=\/wp\/v2\/media\/19475"}],"wp:attachment":[{"href":"https:\/\/2horizontes.com\/index.php?rest_route=%2Fwp%2Fv2%2Fmedia&parent=19468"}],"wp:term":[{"taxonomy":"category","embeddable":true,"href":"https:\/\/2horizontes.com\/index.php?rest_route=%2Fwp%2Fv2%2Fcategories&post=19468"},{"taxonomy":"post_tag","embeddable":true,"href":"https:\/\/2horizontes.com\/index.php?rest_route=%2Fwp%2Fv2%2Ftags&post=19468"}],"curies":[{"name":"wp","href":"https:\/\/api.w.org\/{rel}","templated":true}]}}