{"id":19410,"date":"2015-08-06T09:03:56","date_gmt":"2015-08-06T08:03:56","guid":{"rendered":"http:\/\/2horizontes.com\/?p=19410"},"modified":"2015-08-06T09:03:56","modified_gmt":"2015-08-06T08:03:56","slug":"bolivia-mas-de-130-becarios-retornaron-al-pais-tras-culminar-estudios-en-venezuela","status":"publish","type":"post","link":"https:\/\/2horizontes.com\/?p=19410","title":{"rendered":"Bolivia : M\u00e1s de 130 becarios retornaron al pa\u00eds tras culminar estudios en Venezuela"},"content":{"rendered":"<p>ABI \/ La Paz<\/p>\n<p>Un grupo de 131 becarios bolivianos retornaron el mi\u00e9rcoles al pa\u00eds tras culminar sus estudios profesionales en Salud Comunitaria Integral en Venezuela, en el marco de los acuerdos de la Alianza Bolivariana para los Pueblos de Nuestra Am\u00e9rica (ALBA). Seg\u00fan un bolet\u00edn de prensa de la Embajada de Venezuela, los nuevos m\u00e9dicos, graduados en la Escuela Latinoamericana de Medicina Integral Comunitaria \u00abSalvador Allende\u00bb fueron recibidos por autoridades del Gobierno boliviano y sus familiares al arribar al pa\u00eds.<\/p>\n<p>Los 131 becarios retornaron al pa\u00eds luego de 7 a\u00f1os de formaci\u00f3n acad\u00e9mica en ese pa\u00eds. El vocero de los m\u00e9dicos graduados, Eliberto Delgadilllo, agradeci\u00f3 a los presidentes de Venezuela y Bolivia, Nicol\u00e1s Maduro y Evo Morales, respectivamente, por brindar la oportunidad de una formaci\u00f3n acad\u00e9mica a j\u00f3venes bolivianos de escasos recursos.<\/p>\n<p>\u00abGracias a las becas de estudio fuimos a capacitarnos como m\u00e9dicos y aqu\u00ed estamos con la misi\u00f3n cumplida, dispuestos a trabajar por nuestra tierra. Sabemos que en nuestras regiones nos esperan y ahora nosotros, con la preparaci\u00f3n cient\u00edfica y human\u00edstica que hemos recibido, queremos aportar a nuestra comunidad\u00bb, se\u00f1al\u00f3. Record\u00f3 que la educaci\u00f3n es uno de los legados que dej\u00f3 el comandante de la revoluci\u00f3n bolivariana Hugo Ch\u00e1vez.<\/p>\n<p>A nombre de la embajada de Venezuela en Bolivia, Adruskin Rangel, dio la bienvenida y felicitaci\u00f3n a los profesionales bolivianos y los denomin\u00f3 \u00abnuevos guerreros de las batas blancas\u00bb. Adem\u00e1s, inst\u00f3 a los acad\u00e9micos a cumplir el objetivo de brindar servicios cient\u00edficos a la poblaci\u00f3n m\u00e1s despose\u00edda en Bolivia.<\/p>\n<p>\u00abDurante 12 a\u00f1os hemos venido graduando a j\u00f3venes en diferentes profesiones, ahora les toca a ustedes, nuestros pa\u00edses demandan su conocimiento y el Comandante (Hugo) Ch\u00e1vez dir\u00eda: Dale muchacho que la vida los espera y la tenemos en ustedes, \u00a1adelante!\u00bb, se\u00f1al\u00f3. En esa l\u00ednea, la viceministra de Salud y Promoci\u00f3n de Bolivia, Carla Parada, anunci\u00f3 que esos nuevos profesionales en Salud Comunitaria Integral se incorporar\u00e1n al Programa Nacional de Atenci\u00f3n Primaria \u00abMi Salud\u00bb, implementado por el gobierno de Morales.<\/p>\n","protected":false},"excerpt":{"rendered":"<p>ABI \/ La Paz Un grupo de 131 becarios bolivianos retornaron el mi\u00e9rcoles al pa\u00eds tras culminar sus estudios profesionales en Salud Comunitaria Integral en Venezuela, en el marco de los acuerdos de la Alianza Bolivariana para los Pueblos de Nuestra Am\u00e9rica (ALBA). Seg\u00fan un bolet\u00edn de prensa de la Embajada de Venezuela, los nuevos [&hellip;]<\/p>\n","protected":false},"author":7,"featured_media":19411,"comment_status":"open","ping_status":"open","sticky":false,"template":"","format":"standard","meta":{"footnotes":""},"categories":[55,40,48],"tags":[],"class_list":["post-19410","post","type-post","status-publish","format-standard","has-post-thumbnail","hentry","category-educacion","category-internacionales","category-venezuela"],"_links":{"self":[{"href":"https:\/\/2horizontes.com\/index.php?rest_route=\/wp\/v2\/posts\/19410","targetHints":{"allow":["GET"]}}],"collection":[{"href":"https:\/\/2horizontes.com\/index.php?rest_route=\/wp\/v2\/posts"}],"about":[{"href":"https:\/\/2horizontes.com\/index.php?rest_route=\/wp\/v2\/types\/post"}],"author":[{"embeddable":true,"href":"https:\/\/2horizontes.com\/index.php?rest_route=\/wp\/v2\/users\/7"}],"replies":[{"embeddable":true,"href":"https:\/\/2horizontes.com\/index.php?rest_route=%2Fwp%2Fv2%2Fcomments&post=19410"}],"version-history":[{"count":1,"href":"https:\/\/2horizontes.com\/index.php?rest_route=\/wp\/v2\/posts\/19410\/revisions"}],"predecessor-version":[{"id":19412,"href":"https:\/\/2horizontes.com\/index.php?rest_route=\/wp\/v2\/posts\/19410\/revisions\/19412"}],"wp:featuredmedia":[{"embeddable":true,"href":"https:\/\/2horizontes.com\/index.php?rest_route=\/wp\/v2\/media\/19411"}],"wp:attachment":[{"href":"https:\/\/2horizontes.com\/index.php?rest_route=%2Fwp%2Fv2%2Fmedia&parent=19410"}],"wp:term":[{"taxonomy":"category","embeddable":true,"href":"https:\/\/2horizontes.com\/index.php?rest_route=%2Fwp%2Fv2%2Fcategories&post=19410"},{"taxonomy":"post_tag","embeddable":true,"href":"https:\/\/2horizontes.com\/index.php?rest_route=%2Fwp%2Fv2%2Ftags&post=19410"}],"curies":[{"name":"wp","href":"https:\/\/api.w.org\/{rel}","templated":true}]}}