{"id":19362,"date":"2015-08-05T19:27:59","date_gmt":"2015-08-05T18:27:59","guid":{"rendered":"http:\/\/2horizontes.com\/?p=19362"},"modified":"2015-08-05T19:27:59","modified_gmt":"2015-08-05T18:27:59","slug":"vocero-pn-dice-apresaron-4-hombres-por-asaltar-y-herir-de-bala-a-mensajero-en-villa-consuelo","status":"publish","type":"post","link":"https:\/\/2horizontes.com\/?p=19362","title":{"rendered":"Vocero PN dice apresaron 4 hombres por asaltar y herir de bala a mensajero en Villa Consuelo"},"content":{"rendered":"<p>RD- SANTO DOMINGO-El vocero de la Polic\u00eda Nacional, Jacobo Mateo Moquete, inform\u00f3 que fueron apresados cuatro hombres por el asalto del que fue v\u00edctima el mensajero Pablo Santana Toledo la ma\u00f1ana de ayer en Villa Consuelo.<\/p>\n<p>Seg\u00fan el vocero de la instituci\u00f3n, un representante del ministerio p\u00fablico conjuntamente con oficiales de la Direcci\u00f3n de Investigaciones Criminales (Dicrim) investiga para dar con el paradero de casi medio mill\u00f3n de pesos que le sustrajeron al mensajero.<\/p>\n<p>Santana Toledo fue herido de bala por los asaltantes y se encuentra recluido en un hospital p\u00fablico.<\/p>\n<p>Moquete se rehus\u00f3 a dar los nombres de los detenidos para no entorpecer las investigaciones.<\/p>\n<p>A\u00f1adi\u00f3 que el jefe de la Polic\u00eda, Nelson Peguero Paredes, est\u00e1 coordinando el plan de Patrullaje mixto y que\u00a0 empezar\u00e1 a funcionar en las pr\u00f3ximas horas.<\/p>\n","protected":false},"excerpt":{"rendered":"<p>RD- SANTO DOMINGO-El vocero de la Polic\u00eda Nacional, Jacobo Mateo Moquete, inform\u00f3 que fueron apresados cuatro hombres por el asalto del que fue v\u00edctima el mensajero Pablo Santana Toledo la ma\u00f1ana de ayer en Villa Consuelo. Seg\u00fan el vocero de la instituci\u00f3n, un representante del ministerio p\u00fablico conjuntamente con oficiales de la Direcci\u00f3n de Investigaciones [&hellip;]<\/p>\n","protected":false},"author":8,"featured_media":19363,"comment_status":"open","ping_status":"open","sticky":false,"template":"","format":"standard","meta":{"footnotes":""},"categories":[44],"tags":[],"class_list":["post-19362","post","type-post","status-publish","format-standard","has-post-thumbnail","hentry","category-republica-dominicana"],"_links":{"self":[{"href":"https:\/\/2horizontes.com\/index.php?rest_route=\/wp\/v2\/posts\/19362","targetHints":{"allow":["GET"]}}],"collection":[{"href":"https:\/\/2horizontes.com\/index.php?rest_route=\/wp\/v2\/posts"}],"about":[{"href":"https:\/\/2horizontes.com\/index.php?rest_route=\/wp\/v2\/types\/post"}],"author":[{"embeddable":true,"href":"https:\/\/2horizontes.com\/index.php?rest_route=\/wp\/v2\/users\/8"}],"replies":[{"embeddable":true,"href":"https:\/\/2horizontes.com\/index.php?rest_route=%2Fwp%2Fv2%2Fcomments&post=19362"}],"version-history":[{"count":1,"href":"https:\/\/2horizontes.com\/index.php?rest_route=\/wp\/v2\/posts\/19362\/revisions"}],"predecessor-version":[{"id":19364,"href":"https:\/\/2horizontes.com\/index.php?rest_route=\/wp\/v2\/posts\/19362\/revisions\/19364"}],"wp:featuredmedia":[{"embeddable":true,"href":"https:\/\/2horizontes.com\/index.php?rest_route=\/wp\/v2\/media\/19363"}],"wp:attachment":[{"href":"https:\/\/2horizontes.com\/index.php?rest_route=%2Fwp%2Fv2%2Fmedia&parent=19362"}],"wp:term":[{"taxonomy":"category","embeddable":true,"href":"https:\/\/2horizontes.com\/index.php?rest_route=%2Fwp%2Fv2%2Fcategories&post=19362"},{"taxonomy":"post_tag","embeddable":true,"href":"https:\/\/2horizontes.com\/index.php?rest_route=%2Fwp%2Fv2%2Ftags&post=19362"}],"curies":[{"name":"wp","href":"https:\/\/api.w.org\/{rel}","templated":true}]}}