{"id":19327,"date":"2015-08-05T18:48:40","date_gmt":"2015-08-05T17:48:40","guid":{"rendered":"http:\/\/2horizontes.com\/?p=19327"},"modified":"2015-08-05T18:48:40","modified_gmt":"2015-08-05T17:48:40","slug":"condenan-al-estado-al-pago-rd2-mm-por-mala-practica-medica-en-maternidad","status":"publish","type":"post","link":"https:\/\/2horizontes.com\/?p=19327","title":{"rendered":"Condenan al Estado al pago RD$2 MM por mala practica m\u00e9dica en maternidad"},"content":{"rendered":"<p>RD-SANTO DOMINGO.- En una sentencia sin precedente en el \u00e1rea m\u00e9dica, el Tribunal Superior Administrativo conden\u00f3 al Estado Dominicano al pago de dos millones de pesos a favor de los padres del menor Yosu\u00e9 Burgos, a quien le fue amputado un pie debido a quemaduras ocasionadas por una l\u00e1mpara que se desprendi\u00f3 del techo\u00a0de\u00a0la unidad neonatal de la maternidad Nuestra Se\u00f1ora de la Altagracia.<\/p>\n<p>Gilberto Objio Subero, abogado de los padres del menor, Jos\u00e9 Burgos S\u00e1nchez y Loredana Cuello Arias, demostr\u00f3 en corte que el incidente ocurri\u00f3 en momentos en que el menor estaba bajo la guarda y tutela del personal de dicho centro.<\/p>\n<p>Otra falta en que incurri\u00f3 el hospital fue que los medicos le imputaron el pie al menor sin informar antes ni consultar con sus padres<\/p>\n","protected":false},"excerpt":{"rendered":"<p>RD-SANTO DOMINGO.- En una sentencia sin precedente en el \u00e1rea m\u00e9dica, el Tribunal Superior Administrativo conden\u00f3 al Estado Dominicano al pago de dos millones de pesos a favor de los padres del menor Yosu\u00e9 Burgos, a quien le fue amputado un pie debido a quemaduras ocasionadas por una l\u00e1mpara que se desprendi\u00f3 del techo\u00a0de\u00a0la unidad [&hellip;]<\/p>\n","protected":false},"author":8,"featured_media":19328,"comment_status":"open","ping_status":"open","sticky":false,"template":"","format":"standard","meta":{"footnotes":""},"categories":[63,44,45],"tags":[],"class_list":["post-19327","post","type-post","status-publish","format-standard","has-post-thumbnail","hentry","category-economia","category-republica-dominicana","category-salud"],"_links":{"self":[{"href":"https:\/\/2horizontes.com\/index.php?rest_route=\/wp\/v2\/posts\/19327","targetHints":{"allow":["GET"]}}],"collection":[{"href":"https:\/\/2horizontes.com\/index.php?rest_route=\/wp\/v2\/posts"}],"about":[{"href":"https:\/\/2horizontes.com\/index.php?rest_route=\/wp\/v2\/types\/post"}],"author":[{"embeddable":true,"href":"https:\/\/2horizontes.com\/index.php?rest_route=\/wp\/v2\/users\/8"}],"replies":[{"embeddable":true,"href":"https:\/\/2horizontes.com\/index.php?rest_route=%2Fwp%2Fv2%2Fcomments&post=19327"}],"version-history":[{"count":1,"href":"https:\/\/2horizontes.com\/index.php?rest_route=\/wp\/v2\/posts\/19327\/revisions"}],"predecessor-version":[{"id":19329,"href":"https:\/\/2horizontes.com\/index.php?rest_route=\/wp\/v2\/posts\/19327\/revisions\/19329"}],"wp:featuredmedia":[{"embeddable":true,"href":"https:\/\/2horizontes.com\/index.php?rest_route=\/wp\/v2\/media\/19328"}],"wp:attachment":[{"href":"https:\/\/2horizontes.com\/index.php?rest_route=%2Fwp%2Fv2%2Fmedia&parent=19327"}],"wp:term":[{"taxonomy":"category","embeddable":true,"href":"https:\/\/2horizontes.com\/index.php?rest_route=%2Fwp%2Fv2%2Fcategories&post=19327"},{"taxonomy":"post_tag","embeddable":true,"href":"https:\/\/2horizontes.com\/index.php?rest_route=%2Fwp%2Fv2%2Ftags&post=19327"}],"curies":[{"name":"wp","href":"https:\/\/api.w.org\/{rel}","templated":true}]}}