{"id":1931,"date":"2014-09-13T08:30:36","date_gmt":"2014-09-13T08:30:36","guid":{"rendered":"http:\/\/2horizontes.com\/?p=1931"},"modified":"2014-09-13T08:30:36","modified_gmt":"2014-09-13T08:30:36","slug":"la-casa-blanca-dice-que-ee-uu-esta-en-guerra-contra-el-ei","status":"publish","type":"post","link":"https:\/\/2horizontes.com\/?p=1931","title":{"rendered":"La Casa Blanca dice que EE.UU. est\u00e1 \u00aben guerra contra el EI\u00bb"},"content":{"rendered":"<p><a href=\"http:\/\/2horizontes.com\/wp-content\/uploads\/2014\/09\/casa-blanca.jpeg\"><img loading=\"lazy\" decoding=\"async\" src=\"http:\/\/2horizontes.com\/wp-content\/uploads\/2014\/09\/casa-blanca-300x224.jpeg\" alt=\"casa blanca\" width=\"300\" height=\"224\" class=\"alignleft size-medium wp-image-1932\" srcset=\"https:\/\/2horizontes.com\/wp-content\/uploads\/2014\/09\/casa-blanca-300x224.jpeg 300w, https:\/\/2horizontes.com\/wp-content\/uploads\/2014\/09\/casa-blanca-510x381.jpeg 510w, https:\/\/2horizontes.com\/wp-content\/uploads\/2014\/09\/casa-blanca.jpeg 615w\" sizes=\"auto, (max-width: 300px) 100vw, 300px\" \/><\/a> EFE. Washington.- La Casa Blanca afirm\u00f3 hoy por primera vez que Estados Unidos est\u00e1 \u00aben guerra\u00bb contra el yihadista Estado Isl\u00e1mico (EI), de la misma forma que lo ha estado contra el grupo terrorista Al Qaeda y sus afiliados desde los atentados del 11 de septiembre de 2001.<\/p>\n<p>\u00abEstados Unidos est\u00e1 en guerra con EI de la misma manera que estamos en guerra con Al Qaeda y sus afiliados en todo el mundo\u00bb, dijo el portavoz de la Casa Blanca, Josh Earnest, en su conferencia de prensa diaria.<\/p>\n<p>En el mismo sentido, el portavoz del Pent\u00e1gono, el contralmirante John Kirby, indic\u00f3 tambi\u00e9n a la prensa que el Gobierno estadounidense \u00absabe que est\u00e1 en guerra con el EI\u00bb, el grupo yihadista que lucha en Irak y Siria.<\/p>\n<p>Las afirmaciones suponen la primera vez que la Administraci\u00f3n de Barack Obama utiliza el t\u00e9rmino \u00abguerra\u00bb para describir su ofensiva contra el EI, que comenz\u00f3 hace un mes con ataques a\u00e9reos selectivos en Irak y ahora se ha ampliado a una campa\u00f1a m\u00e1s amplia en ese pa\u00eds y la previsi\u00f3n de pr\u00f3ximos bombardeos tambi\u00e9n en Siria.<\/p>\n<p>El jueves, tanto el secretario de Estado estadounidense, John Kerry, como la asesora de seguridad nacional de Obama, Susan Rice, evitaron utilizar esa palabra para referirse a la campa\u00f1a ampliada que este presidente anunci\u00f3 el mi\u00e9rcoles en un discurso.<\/p>\n<p>\u00abSi alguien quiere pensar en esto como una guerra contra el EI, pueden hacerlo, pero el hecho es que es una gran operaci\u00f3n antiterrorista que tendr\u00e1 muchas partes diferentes en movimiento\u00bb, sostuvo Kerry en una entrevista con la cadena CNN.<\/p>\n<p>Pese a recurrir a ese t\u00e9rmino, Earnest subray\u00f3 hoy que la estrategia del Gobierno de Obama es \u00absignificativamente diferente a la que se sigui\u00f3 en la guerra de Irak\u00bb lanzada en 2003 por la Administraci\u00f3n de George W. Bush.<\/p>\n<p>\u00abEsta estrategia no la est\u00e1 desplegando Estados Unidos solo, sino una amplia coalici\u00f3n internacional\u00bb, defendi\u00f3 Earnest.<\/p>\n<p>En su discurso del mi\u00e9rcoles, Obama compar\u00f3 la ofensiva contra EI, que estar\u00e1 basada en ataques a\u00e9reos y en la que ha descartado cualquier misi\u00f3n de combate de tropas estadounidenses en Irak o Siria, a las operaciones contra el terrorismo que su Administraci\u00f3n ha emprendido en Yemen y Somalia.<\/p>\n<p>No obstante, su asesora de seguridad nacional reconoci\u00f3 hoy que la campa\u00f1a contra el EI ser\u00e1 m\u00e1s amplia que esos esfuerzos, que apenas han motivado un centenar de ataques a\u00e9reos en cada pa\u00eds en los \u00faltimos a\u00f1os, pero se parecer\u00e1 en el sentido de que el peso del combate recaer\u00e1 en las autoridades locales y no en Estados Unidos.<\/p>\n<p>\u00abLa frecuencia de nuestros ataques militares ser\u00e1 sin duda m\u00e1s intensa en Irak, porque la amenaza es m\u00e1s intensa y m\u00e1s sostenida\u00bb, se\u00f1al\u00f3 Susan Rice en una entrevista con la emisora de radio NPR.<\/p>\n","protected":false},"excerpt":{"rendered":"<p>EFE. Washington.- La Casa Blanca afirm\u00f3 hoy por primera vez que Estados Unidos est\u00e1 \u00aben guerra\u00bb contra el yihadista Estado Isl\u00e1mico (EI), de la misma forma que lo ha estado contra el grupo terrorista Al Qaeda y sus afiliados desde los atentados del 11 de septiembre de 2001. \u00abEstados Unidos est\u00e1 en guerra con EI [&hellip;]<\/p>\n","protected":false},"author":1,"featured_media":0,"comment_status":"open","ping_status":"open","sticky":false,"template":"","format":"standard","meta":{"footnotes":""},"categories":[1],"tags":[],"class_list":["post-1931","post","type-post","status-publish","format-standard","hentry","category-entretenimiento"],"_links":{"self":[{"href":"https:\/\/2horizontes.com\/index.php?rest_route=\/wp\/v2\/posts\/1931","targetHints":{"allow":["GET"]}}],"collection":[{"href":"https:\/\/2horizontes.com\/index.php?rest_route=\/wp\/v2\/posts"}],"about":[{"href":"https:\/\/2horizontes.com\/index.php?rest_route=\/wp\/v2\/types\/post"}],"author":[{"embeddable":true,"href":"https:\/\/2horizontes.com\/index.php?rest_route=\/wp\/v2\/users\/1"}],"replies":[{"embeddable":true,"href":"https:\/\/2horizontes.com\/index.php?rest_route=%2Fwp%2Fv2%2Fcomments&post=1931"}],"version-history":[{"count":1,"href":"https:\/\/2horizontes.com\/index.php?rest_route=\/wp\/v2\/posts\/1931\/revisions"}],"predecessor-version":[{"id":1933,"href":"https:\/\/2horizontes.com\/index.php?rest_route=\/wp\/v2\/posts\/1931\/revisions\/1933"}],"wp:attachment":[{"href":"https:\/\/2horizontes.com\/index.php?rest_route=%2Fwp%2Fv2%2Fmedia&parent=1931"}],"wp:term":[{"taxonomy":"category","embeddable":true,"href":"https:\/\/2horizontes.com\/index.php?rest_route=%2Fwp%2Fv2%2Fcategories&post=1931"},{"taxonomy":"post_tag","embeddable":true,"href":"https:\/\/2horizontes.com\/index.php?rest_route=%2Fwp%2Fv2%2Ftags&post=1931"}],"curies":[{"name":"wp","href":"https:\/\/api.w.org\/{rel}","templated":true}]}}