{"id":19297,"date":"2015-08-05T18:08:46","date_gmt":"2015-08-05T17:08:46","guid":{"rendered":"http:\/\/2horizontes.com\/?p=19297"},"modified":"2015-08-05T18:08:46","modified_gmt":"2015-08-05T17:08:46","slug":"ratifican-prision-contra-implicados-en-robo-millonario-a-aduanas-rd","status":"publish","type":"post","link":"https:\/\/2horizontes.com\/?p=19297","title":{"rendered":"Ratifican prisi\u00f3n contra implicados en robo millonario a Aduanas RD"},"content":{"rendered":"<p><strong>RD-Santiago.<\/strong>-La Corte de Apelaci\u00f3n Penal del Departamento Judicial de Santiago ratific\u00f3 prisi\u00f3n preventiva de 12 meses contra ocho de los nueve imputados en el robo millonario en la Direcci\u00f3n de Aduanas en la terminal a\u00e9rea de aqu\u00ed.<\/p>\n<p>La magistrada Francisca Gabriela Garc\u00eda de Fadul ratific\u00f3 la decisi\u00f3n del juez Luis N\u00f3bel,\u00a0 del tribunal de Atenci\u00f3n Permanente.<\/p>\n<p>El grupo, \u00a0incluido un capit\u00e1n del Ej\u00e9rcito Nacional, \u00a0est\u00e1 acusado de sustraer 156 mil d\u00f3lares de un total de 292 mil que tra\u00eda como mula una mujer por la terminal del Cibao.<\/p>\n<p>De los nueve imputados, solo Neris del Carmen Ure\u00f1a desisti\u00f3 de apelar.<\/p>\n<p>El dinero era alegadamente tra\u00eddo como mula por Rosairy Mercedes Quedada.<\/p>\n<p>Los dem\u00e1s implicados son Luz Carolina Infante, Ram\u00f3n Hip\u00f3lito Henr\u00edquez, Benito Henr\u00edquez Tejada, Domingo Pilarte, Marcos Felipe, Mairelin Rodr\u00edguez Batista, Leovigildo Ubiera.<\/p>\n<p>En tanto que Rosairy Mercedes Quezada fue sometida por lavado de activo.<\/p>\n<p>&nbsp;<\/p>\n","protected":false},"excerpt":{"rendered":"<p>RD-Santiago.-La Corte de Apelaci\u00f3n Penal del Departamento Judicial de Santiago ratific\u00f3 prisi\u00f3n preventiva de 12 meses contra ocho de los nueve imputados en el robo millonario en la Direcci\u00f3n de Aduanas en la terminal a\u00e9rea de aqu\u00ed. La magistrada Francisca Gabriela Garc\u00eda de Fadul ratific\u00f3 la decisi\u00f3n del juez Luis N\u00f3bel,\u00a0 del tribunal de Atenci\u00f3n [&hellip;]<\/p>\n","protected":false},"author":8,"featured_media":19300,"comment_status":"open","ping_status":"open","sticky":false,"template":"","format":"standard","meta":{"footnotes":""},"categories":[53,44],"tags":[],"class_list":["post-19297","post","type-post","status-publish","format-standard","has-post-thumbnail","hentry","category-provincias","category-republica-dominicana"],"_links":{"self":[{"href":"https:\/\/2horizontes.com\/index.php?rest_route=\/wp\/v2\/posts\/19297","targetHints":{"allow":["GET"]}}],"collection":[{"href":"https:\/\/2horizontes.com\/index.php?rest_route=\/wp\/v2\/posts"}],"about":[{"href":"https:\/\/2horizontes.com\/index.php?rest_route=\/wp\/v2\/types\/post"}],"author":[{"embeddable":true,"href":"https:\/\/2horizontes.com\/index.php?rest_route=\/wp\/v2\/users\/8"}],"replies":[{"embeddable":true,"href":"https:\/\/2horizontes.com\/index.php?rest_route=%2Fwp%2Fv2%2Fcomments&post=19297"}],"version-history":[{"count":1,"href":"https:\/\/2horizontes.com\/index.php?rest_route=\/wp\/v2\/posts\/19297\/revisions"}],"predecessor-version":[{"id":19301,"href":"https:\/\/2horizontes.com\/index.php?rest_route=\/wp\/v2\/posts\/19297\/revisions\/19301"}],"wp:featuredmedia":[{"embeddable":true,"href":"https:\/\/2horizontes.com\/index.php?rest_route=\/wp\/v2\/media\/19300"}],"wp:attachment":[{"href":"https:\/\/2horizontes.com\/index.php?rest_route=%2Fwp%2Fv2%2Fmedia&parent=19297"}],"wp:term":[{"taxonomy":"category","embeddable":true,"href":"https:\/\/2horizontes.com\/index.php?rest_route=%2Fwp%2Fv2%2Fcategories&post=19297"},{"taxonomy":"post_tag","embeddable":true,"href":"https:\/\/2horizontes.com\/index.php?rest_route=%2Fwp%2Fv2%2Ftags&post=19297"}],"curies":[{"name":"wp","href":"https:\/\/api.w.org\/{rel}","templated":true}]}}