{"id":19202,"date":"2015-08-04T20:53:48","date_gmt":"2015-08-04T19:53:48","guid":{"rendered":"http:\/\/2horizontes.com\/?p=19202"},"modified":"2015-08-04T20:53:48","modified_gmt":"2015-08-04T19:53:48","slug":"fatima-banez-aspiramos-a-recuperar-el-nivel-de-bienestar-y-empleo-del-ano-2007","status":"publish","type":"post","link":"https:\/\/2horizontes.com\/?p=19202","title":{"rendered":"F\u00e1tima B\u00e1\u00f1ez Aspiramos a recuperar el nivel de bienestar y empleo del a\u00f1o 2007&#8242;"},"content":{"rendered":"<p>La entrevista con F\u00e1tima B\u00e1\u00f1ez se celebra en su despacho oficial del Ministerio donde, en pleno periodo vacacional, se respira una tranquilidad impropia de los asuntos tan complicados que se ventilan en un departamento que no ha tenido un respiro. Reconoce que tiene su alma divida en dos: la pol\u00edtica de raza, que ha hecho de la cosa p\u00fablica su forma de vida y por la que tiene una opini\u00f3n perfectamente conformada sobre todos los asuntos de actualidad; y la de su formaci\u00f3n profesional, licenciada en Derecho, Econ\u00f3micas y Empresariales, por la que racionaliza todo con datos.<\/p>\n","protected":false},"excerpt":{"rendered":"<p>La entrevista con F\u00e1tima B\u00e1\u00f1ez se celebra en su despacho oficial del Ministerio donde, en pleno periodo vacacional, se respira una tranquilidad impropia de los asuntos tan complicados que se ventilan en un departamento que no ha tenido un respiro. Reconoce que tiene su alma divida en dos: la pol\u00edtica de raza, que ha hecho [&hellip;]<\/p>\n","protected":false},"author":3,"featured_media":19203,"comment_status":"open","ping_status":"open","sticky":false,"template":"","format":"standard","meta":{"footnotes":""},"categories":[85,43],"tags":[],"class_list":["post-19202","post","type-post","status-publish","format-standard","has-post-thumbnail","hentry","category-espana","category-politica"],"_links":{"self":[{"href":"https:\/\/2horizontes.com\/index.php?rest_route=\/wp\/v2\/posts\/19202","targetHints":{"allow":["GET"]}}],"collection":[{"href":"https:\/\/2horizontes.com\/index.php?rest_route=\/wp\/v2\/posts"}],"about":[{"href":"https:\/\/2horizontes.com\/index.php?rest_route=\/wp\/v2\/types\/post"}],"author":[{"embeddable":true,"href":"https:\/\/2horizontes.com\/index.php?rest_route=\/wp\/v2\/users\/3"}],"replies":[{"embeddable":true,"href":"https:\/\/2horizontes.com\/index.php?rest_route=%2Fwp%2Fv2%2Fcomments&post=19202"}],"version-history":[{"count":1,"href":"https:\/\/2horizontes.com\/index.php?rest_route=\/wp\/v2\/posts\/19202\/revisions"}],"predecessor-version":[{"id":19204,"href":"https:\/\/2horizontes.com\/index.php?rest_route=\/wp\/v2\/posts\/19202\/revisions\/19204"}],"wp:featuredmedia":[{"embeddable":true,"href":"https:\/\/2horizontes.com\/index.php?rest_route=\/wp\/v2\/media\/19203"}],"wp:attachment":[{"href":"https:\/\/2horizontes.com\/index.php?rest_route=%2Fwp%2Fv2%2Fmedia&parent=19202"}],"wp:term":[{"taxonomy":"category","embeddable":true,"href":"https:\/\/2horizontes.com\/index.php?rest_route=%2Fwp%2Fv2%2Fcategories&post=19202"},{"taxonomy":"post_tag","embeddable":true,"href":"https:\/\/2horizontes.com\/index.php?rest_route=%2Fwp%2Fv2%2Ftags&post=19202"}],"curies":[{"name":"wp","href":"https:\/\/api.w.org\/{rel}","templated":true}]}}