{"id":19188,"date":"2015-08-04T19:06:29","date_gmt":"2015-08-04T18:06:29","guid":{"rendered":"http:\/\/2horizontes.com\/?p=19188"},"modified":"2015-08-04T19:06:29","modified_gmt":"2015-08-04T18:06:29","slug":"los-indigenas-reclaman-la-atencion-de-rafael-correa","status":"publish","type":"post","link":"https:\/\/2horizontes.com\/?p=19188","title":{"rendered":"Los ind\u00edgenas reclaman la atenci\u00f3n de Rafael Correa"},"content":{"rendered":"<p>EFE \/Quito<br \/>\nDecenas de ind\u00edgenas iniciaron\u00a0 una marcha en la Amazonia ecuatoriana con destino a Quito, adonde pretenden llegar el pr\u00f3ximo 13 de agosto para pedir \u00abrectificaciones\u201d a ciertas pol\u00edticas de la administraci\u00f3n del presidente Rafael Correa.<br \/>\nLos ind\u00edgenas partieron de la zona de El Pangui, en la provincia de Zamora Chinchipe, tras una ceremonia ancestral y de purificaci\u00f3n en la que pidieron permiso y protecci\u00f3n a la Pachamama para avanzar en la caminata.<br \/>\nEn el ritual, el l\u00edder ind\u00edgena Salvador Quishpe asegur\u00f3 que inician \u00abla resistencia\u201d, y por ello pidieron \u00abpermiso\u201d a la Madre Tierra para que les \u00abd\u00e9 las fuerzas y poder avanzar en la caminata y para poder vencer todos los obst\u00e1culos porque queremos la paz, la tranquilidad, el respeto, la cordialidad. En esta caminata vamos buscando eso: el respeto. Sobre todo, el respeto a la dignidad de nuestra historia, de nuestros mayores, de nuestros hijos, a la dignidad de nuestros pueblos\u201d, dijo a los medios de prensa Quisphe, prefecto de la provincia de Zamora Chinchipe.<br \/>\nAntes de partir, los l\u00edderes ind\u00edgenas reunidos en El Pangui recibieron el denominado \u00abmandato de los pueblos de la Cordillera del C\u00f3ndor\u201d, en el que piden, entre otros, el archivo de las enmiendas constitucionales que trata la Asamblea Nacional, entre las que figura el de la \u00abreelecci\u00f3n indefinida\u201d.<br \/>\nLa mencionada enmienda podr\u00eda permitir a Correa presentarse para una nueva reelecci\u00f3n en los comicios de 2017. Los ind\u00edgenas de la marcha tambi\u00e9n exigen rectificaciones, entre otros, en asuntos relacionados con el sistema de educaci\u00f3n vigente.<\/p>\n","protected":false},"excerpt":{"rendered":"<p>EFE \/Quito Decenas de ind\u00edgenas iniciaron\u00a0 una marcha en la Amazonia ecuatoriana con destino a Quito, adonde pretenden llegar el pr\u00f3ximo 13 de agosto para pedir \u00abrectificaciones\u201d a ciertas pol\u00edticas de la administraci\u00f3n del presidente Rafael Correa. Los ind\u00edgenas partieron de la zona de El Pangui, en la provincia de Zamora Chinchipe, tras una ceremonia [&hellip;]<\/p>\n","protected":false},"author":7,"featured_media":19189,"comment_status":"open","ping_status":"open","sticky":false,"template":"","format":"standard","meta":{"footnotes":""},"categories":[40,43],"tags":[],"class_list":["post-19188","post","type-post","status-publish","format-standard","has-post-thumbnail","hentry","category-internacionales","category-politica"],"_links":{"self":[{"href":"https:\/\/2horizontes.com\/index.php?rest_route=\/wp\/v2\/posts\/19188","targetHints":{"allow":["GET"]}}],"collection":[{"href":"https:\/\/2horizontes.com\/index.php?rest_route=\/wp\/v2\/posts"}],"about":[{"href":"https:\/\/2horizontes.com\/index.php?rest_route=\/wp\/v2\/types\/post"}],"author":[{"embeddable":true,"href":"https:\/\/2horizontes.com\/index.php?rest_route=\/wp\/v2\/users\/7"}],"replies":[{"embeddable":true,"href":"https:\/\/2horizontes.com\/index.php?rest_route=%2Fwp%2Fv2%2Fcomments&post=19188"}],"version-history":[{"count":1,"href":"https:\/\/2horizontes.com\/index.php?rest_route=\/wp\/v2\/posts\/19188\/revisions"}],"predecessor-version":[{"id":19190,"href":"https:\/\/2horizontes.com\/index.php?rest_route=\/wp\/v2\/posts\/19188\/revisions\/19190"}],"wp:featuredmedia":[{"embeddable":true,"href":"https:\/\/2horizontes.com\/index.php?rest_route=\/wp\/v2\/media\/19189"}],"wp:attachment":[{"href":"https:\/\/2horizontes.com\/index.php?rest_route=%2Fwp%2Fv2%2Fmedia&parent=19188"}],"wp:term":[{"taxonomy":"category","embeddable":true,"href":"https:\/\/2horizontes.com\/index.php?rest_route=%2Fwp%2Fv2%2Fcategories&post=19188"},{"taxonomy":"post_tag","embeddable":true,"href":"https:\/\/2horizontes.com\/index.php?rest_route=%2Fwp%2Fv2%2Ftags&post=19188"}],"curies":[{"name":"wp","href":"https:\/\/api.w.org\/{rel}","templated":true}]}}