{"id":19175,"date":"2015-08-04T19:01:45","date_gmt":"2015-08-04T18:01:45","guid":{"rendered":"http:\/\/2horizontes.com\/?p=19175"},"modified":"2015-08-04T19:01:45","modified_gmt":"2015-08-04T18:01:45","slug":"legisladores-de-ee-uu-apoyan-aceleracion-del-proceso-de-paz-en-colombia","status":"publish","type":"post","link":"https:\/\/2horizontes.com\/?p=19175","title":{"rendered":"Legisladores de EE. UU. apoyan aceleraci\u00f3n del proceso de paz en Colombia"},"content":{"rendered":"<p>AFP<\/p>\n<p>Estados Unidos<\/p>\n<p>En una carta al secretario de Estado, John Kerry, 65 congresistas del Partido Dem\u00f3crata del presidente Barack Obama destacaron lo \u00abimportante\u00bb que es ese acuerdo para poner fin al \u00faltimo conflicto armado de Am\u00e9rica Latina.<\/p>\n<p>\u00abCreemos que el compromiso de los equipos negociadores de gobierno y de la guerrilla de acelerar el cronograma y concluir las negociaciones en los meses venideros es una decisi\u00f3n importante y bienvenida\u00bb, se\u00f1alaron los legisladores en la misiva.<\/p>\n<p>El proceso de paz, que el gobierno colombiano de Juan Manuel Santos y las Fuerzas Armadas Revolucionarias de Colombia (FARC) -las m\u00e1s grandes del pa\u00eds- iniciaron a fines de 2012, parec\u00eda agonizar tras un recrudecimiento de las hostilidades en abril.<\/p>\n<p>Pero el inicio de una tregua unilateral de las FARC el 20 de julio y la suspensi\u00f3n de los bombardeos del gobierno a campamentos rebeldes cinco d\u00edas despu\u00e9s han oxigenado las negociaciones.<\/p>\n<p>\u00abEso ayudar\u00e1 a crear confianza en la habilidad de las partes negociadoras de alcanzar un acuerdo final en los pr\u00f3ximos meses\u00bb, seg\u00fan los legisladores estadounidenses.<\/p>\n<p>Pero tambi\u00e9n reconocieron que los puntos a\u00fan en negociaci\u00f3n \u2013la justicia para los cr\u00edmenes cometidos en el conflicto y la reparaci\u00f3n de las v\u00edctimas- \u00abson complejos y dif\u00edciles\u00bb.<\/p>\n<p>Asimismo, pidieron al gobierno y a las FARC que alcancen un acuerdo de paz \u00abinclusivo\u00bb con los sectores m\u00e1s afectados por m\u00e1s de cinco d\u00e9cadas de conflicto, en especial las mujeres, la poblaci\u00f3n negra e ind\u00edgena, las organizaciones campesinas y personas desplazadas, seg\u00fan el texto.<\/p>\n<p>\u00abDeber\u00eda haber un lugar en la mesa para determinar si los acuerdos responden genuinamente a sus necesidades, esperanzas, prioridades y capacidades\u00bb, apuntaron en la misiva, dirigida tambi\u00e9n al enviado especial de Washington, Bernard Aronson.<\/p>\n<p>En ese sentido, \u00ablos derechos y necesidades de las v\u00edctimas deben ser primordiales\u00bb y los acuerdos \u00abdeben romper, no reforzar, la cultura colombiana de la impunidad\u00bb, afirmaron.<\/p>\n<p>El conflicto en Colombia ha dejado 220.000 muertos y seis millones de desplazados, seg\u00fan cifras oficiales.<\/p>\n","protected":false},"excerpt":{"rendered":"<p>AFP Estados Unidos En una carta al secretario de Estado, John Kerry, 65 congresistas del Partido Dem\u00f3crata del presidente Barack Obama destacaron lo \u00abimportante\u00bb que es ese acuerdo para poner fin al \u00faltimo conflicto armado de Am\u00e9rica Latina. \u00abCreemos que el compromiso de los equipos negociadores de gobierno y de la guerrilla de acelerar el [&hellip;]<\/p>\n","protected":false},"author":7,"featured_media":19184,"comment_status":"open","ping_status":"open","sticky":false,"template":"","format":"standard","meta":{"footnotes":""},"categories":[50,40,43],"tags":[],"class_list":["post-19175","post","type-post","status-publish","format-standard","has-post-thumbnail","hentry","category-colombia","category-internacionales","category-politica"],"_links":{"self":[{"href":"https:\/\/2horizontes.com\/index.php?rest_route=\/wp\/v2\/posts\/19175","targetHints":{"allow":["GET"]}}],"collection":[{"href":"https:\/\/2horizontes.com\/index.php?rest_route=\/wp\/v2\/posts"}],"about":[{"href":"https:\/\/2horizontes.com\/index.php?rest_route=\/wp\/v2\/types\/post"}],"author":[{"embeddable":true,"href":"https:\/\/2horizontes.com\/index.php?rest_route=\/wp\/v2\/users\/7"}],"replies":[{"embeddable":true,"href":"https:\/\/2horizontes.com\/index.php?rest_route=%2Fwp%2Fv2%2Fcomments&post=19175"}],"version-history":[{"count":1,"href":"https:\/\/2horizontes.com\/index.php?rest_route=\/wp\/v2\/posts\/19175\/revisions"}],"predecessor-version":[{"id":19187,"href":"https:\/\/2horizontes.com\/index.php?rest_route=\/wp\/v2\/posts\/19175\/revisions\/19187"}],"wp:featuredmedia":[{"embeddable":true,"href":"https:\/\/2horizontes.com\/index.php?rest_route=\/wp\/v2\/media\/19184"}],"wp:attachment":[{"href":"https:\/\/2horizontes.com\/index.php?rest_route=%2Fwp%2Fv2%2Fmedia&parent=19175"}],"wp:term":[{"taxonomy":"category","embeddable":true,"href":"https:\/\/2horizontes.com\/index.php?rest_route=%2Fwp%2Fv2%2Fcategories&post=19175"},{"taxonomy":"post_tag","embeddable":true,"href":"https:\/\/2horizontes.com\/index.php?rest_route=%2Fwp%2Fv2%2Ftags&post=19175"}],"curies":[{"name":"wp","href":"https:\/\/api.w.org\/{rel}","templated":true}]}}