{"id":19130,"date":"2015-08-04T17:55:22","date_gmt":"2015-08-04T16:55:22","guid":{"rendered":"http:\/\/2horizontes.com\/?p=19130"},"modified":"2015-08-04T17:55:22","modified_gmt":"2015-08-04T16:55:22","slug":"moca-alcaldia-inaugura-plazoleta-historica","status":"publish","type":"post","link":"https:\/\/2horizontes.com\/?p=19130","title":{"rendered":"MOCA: Alcald\u00eda inaugura plazoleta hist\u00f3rica"},"content":{"rendered":"<p><span lang=\"ES\">\u00a0RD-MOCA<\/span><span lang=\"ES\">.- La Alcald\u00eda de este municipio inaugur\u00f3 la plazoleta hist\u00f3rica \u201c26 de Julio\u201d, 116 a\u00f1os despu\u00e9s de ajusticiado el dictador Ulises Heureaux (Lilis), suceso registrado en 1899.<\/span><\/p>\n<p><span lang=\"ES\">\u00a0La plazoleta honra la memoria hist\u00f3rica de los mocanos Jacobito de Lara, Ram\u00f3n C\u00e1ceres, Horacio V\u00e1squez y otros que pusieron fin a una larga dictadura.\u00a0<\/span><\/p>\n<p><span lang=\"ES\">\u00a0El alcalde municipal Remberto Cruz, dijo que este proyecto ten\u00eda 20 a\u00f1os esperando su realizaci\u00f3n y que constituye un orgullo para la presente gesti\u00f3n edilicia.<br \/>\n<\/span><\/p>\n<p><span lang=\"ES\">\u00a0\u201cDesde aquel momento, este lugar se ha convertido en un t\u00edmido rinc\u00f3n de la ciudad y constituye junto a la puerta de El Conde, el Cerro de Capotillo y el espacio en donde cay\u00f3 abatido Rafael L. Trujillo, los cuatro puntos referenciales por excelencia de la vocaci\u00f3n por la libertad de los dominicanos\u201d, apunt\u00f3.<\/span><\/p>\n<p><span lang=\"ES\">\u00a0Y agreg\u00f3 que nuestros pies descansan sobre tierras dignificadas, manifestando que ese lugar no es un lugar cualquiera, sin embargo hubo que transcurrir 116 a\u00f1os para que solazaran aqu\u00ed la instalaci\u00f3n material y fundamentos visuales id\u00f3neos para evocar la gesta trascendental del 26 de julio.<\/span><\/p>\n<p><span lang=\"ES\">\u00a0Eduardo Garc\u00eda Michel, presidente de la Asociaci\u00f3n de Mocanos Residentes en Santo Domingo, hizo acopio de algunos datos hist\u00f3ricos y an\u00e9cdotas sobre la gesta que culmin\u00f3 con la vida del dictador Lil\u00eds.<\/span><\/p>\n<p><span lang=\"ES\">\u00a0La plazoleta cuenta con importantes elementos que recuerdan lo acontecido el d\u00eda del ajusticiamiento del dictador, entre ellos un mural que recoge los m\u00e1s importantes episodios de la fecha hist\u00f3rica y una escultura en forma de gaviota sobre una laza que simboliza la libertad.<\/span><\/p>\n<p><span lang=\"ES\">\u00a0Adem\u00e1s\u00a0 un \u00e1rbol de gu\u00e1suma, al pie de un tronco\u00a0 similar al\u00a0\u00a0 que cay\u00f3 abatido Ulises Heureaux (Lil\u00eds).<\/span><\/p>\n<p><span lang=\"ES\">jpm<\/span><\/p>\n","protected":false},"excerpt":{"rendered":"<p>\u00a0RD-MOCA.- La Alcald\u00eda de este municipio inaugur\u00f3 la plazoleta hist\u00f3rica \u201c26 de Julio\u201d, 116 a\u00f1os despu\u00e9s de ajusticiado el dictador Ulises Heureaux (Lilis), suceso registrado en 1899. \u00a0La plazoleta honra la memoria hist\u00f3rica de los mocanos Jacobito de Lara, Ram\u00f3n C\u00e1ceres, Horacio V\u00e1squez y otros que pusieron fin a una larga dictadura.\u00a0 \u00a0El alcalde municipal [&hellip;]<\/p>\n","protected":false},"author":8,"featured_media":19132,"comment_status":"open","ping_status":"open","sticky":false,"template":"","format":"standard","meta":{"footnotes":""},"categories":[53,44],"tags":[],"class_list":["post-19130","post","type-post","status-publish","format-standard","has-post-thumbnail","hentry","category-provincias","category-republica-dominicana"],"_links":{"self":[{"href":"https:\/\/2horizontes.com\/index.php?rest_route=\/wp\/v2\/posts\/19130","targetHints":{"allow":["GET"]}}],"collection":[{"href":"https:\/\/2horizontes.com\/index.php?rest_route=\/wp\/v2\/posts"}],"about":[{"href":"https:\/\/2horizontes.com\/index.php?rest_route=\/wp\/v2\/types\/post"}],"author":[{"embeddable":true,"href":"https:\/\/2horizontes.com\/index.php?rest_route=\/wp\/v2\/users\/8"}],"replies":[{"embeddable":true,"href":"https:\/\/2horizontes.com\/index.php?rest_route=%2Fwp%2Fv2%2Fcomments&post=19130"}],"version-history":[{"count":1,"href":"https:\/\/2horizontes.com\/index.php?rest_route=\/wp\/v2\/posts\/19130\/revisions"}],"predecessor-version":[{"id":19133,"href":"https:\/\/2horizontes.com\/index.php?rest_route=\/wp\/v2\/posts\/19130\/revisions\/19133"}],"wp:featuredmedia":[{"embeddable":true,"href":"https:\/\/2horizontes.com\/index.php?rest_route=\/wp\/v2\/media\/19132"}],"wp:attachment":[{"href":"https:\/\/2horizontes.com\/index.php?rest_route=%2Fwp%2Fv2%2Fmedia&parent=19130"}],"wp:term":[{"taxonomy":"category","embeddable":true,"href":"https:\/\/2horizontes.com\/index.php?rest_route=%2Fwp%2Fv2%2Fcategories&post=19130"},{"taxonomy":"post_tag","embeddable":true,"href":"https:\/\/2horizontes.com\/index.php?rest_route=%2Fwp%2Fv2%2Ftags&post=19130"}],"curies":[{"name":"wp","href":"https:\/\/api.w.org\/{rel}","templated":true}]}}