{"id":19115,"date":"2015-08-04T17:35:34","date_gmt":"2015-08-04T16:35:34","guid":{"rendered":"http:\/\/2horizontes.com\/?p=19115"},"modified":"2015-08-04T17:35:34","modified_gmt":"2015-08-04T16:35:34","slug":"vicepresidenta-resalta-labor-educativa-gobierno-de-medina","status":"publish","type":"post","link":"https:\/\/2horizontes.com\/?p=19115","title":{"rendered":"Vicepresidenta resalta labor educativa Gobierno de Medina"},"content":{"rendered":"<p>RD-SANTO DOMINGO- La vicepresidenta de la Republica, Margarita Cede\u00f1o, elogi\u00f3 la labor que en el sector educativo desarrolla el Gobierno del presidente Danilo Medina.<\/p>\n<p>En nota enviada a 2HORIZONTES.COM, declara que el resultado de esa revoluci\u00f3n se ver\u00e1 reflejado en los pr\u00f3ximos informes que realicen organismos internacionales.<\/p>\n<p>\u201cBasta ver los resultados que el pa\u00eds ha tenido en disminuci\u00f3n de la deserci\u00f3n escolar y aumento de la asistencia, gracias a las pol\u00edticas sociales de los gobiernos del PLD, para convencerse de que vamos por el camino correcto en esta materia\u201d, expone.<\/p>\n<p>Al referirse a declaraciones recientes sobre el posicionamiento del pa\u00eds en el tema educaci\u00f3n, la tambi\u00e9n miembro del Comit\u00e9 Pol\u00edtico argumenta que el PLD es el que ha hecho la m\u00e1s ambiciosa inversi\u00f3n en el sector.<\/p>\n<p>\u201cLa gran apuesta del PLD para el futuro de la naci\u00f3n est\u00e1 en la educaci\u00f3n\u201d, afirma Cede\u00f1o.<\/p>\n","protected":false},"excerpt":{"rendered":"<p>RD-SANTO DOMINGO- La vicepresidenta de la Republica, Margarita Cede\u00f1o, elogi\u00f3 la labor que en el sector educativo desarrolla el Gobierno del presidente Danilo Medina. En nota enviada a 2HORIZONTES.COM, declara que el resultado de esa revoluci\u00f3n se ver\u00e1 reflejado en los pr\u00f3ximos informes que realicen organismos internacionales. \u201cBasta ver los resultados que el pa\u00eds ha [&hellip;]<\/p>\n","protected":false},"author":8,"featured_media":19116,"comment_status":"open","ping_status":"open","sticky":false,"template":"","format":"standard","meta":{"footnotes":""},"categories":[43,44],"tags":[],"class_list":["post-19115","post","type-post","status-publish","format-standard","has-post-thumbnail","hentry","category-politica","category-republica-dominicana"],"_links":{"self":[{"href":"https:\/\/2horizontes.com\/index.php?rest_route=\/wp\/v2\/posts\/19115","targetHints":{"allow":["GET"]}}],"collection":[{"href":"https:\/\/2horizontes.com\/index.php?rest_route=\/wp\/v2\/posts"}],"about":[{"href":"https:\/\/2horizontes.com\/index.php?rest_route=\/wp\/v2\/types\/post"}],"author":[{"embeddable":true,"href":"https:\/\/2horizontes.com\/index.php?rest_route=\/wp\/v2\/users\/8"}],"replies":[{"embeddable":true,"href":"https:\/\/2horizontes.com\/index.php?rest_route=%2Fwp%2Fv2%2Fcomments&post=19115"}],"version-history":[{"count":1,"href":"https:\/\/2horizontes.com\/index.php?rest_route=\/wp\/v2\/posts\/19115\/revisions"}],"predecessor-version":[{"id":19117,"href":"https:\/\/2horizontes.com\/index.php?rest_route=\/wp\/v2\/posts\/19115\/revisions\/19117"}],"wp:featuredmedia":[{"embeddable":true,"href":"https:\/\/2horizontes.com\/index.php?rest_route=\/wp\/v2\/media\/19116"}],"wp:attachment":[{"href":"https:\/\/2horizontes.com\/index.php?rest_route=%2Fwp%2Fv2%2Fmedia&parent=19115"}],"wp:term":[{"taxonomy":"category","embeddable":true,"href":"https:\/\/2horizontes.com\/index.php?rest_route=%2Fwp%2Fv2%2Fcategories&post=19115"},{"taxonomy":"post_tag","embeddable":true,"href":"https:\/\/2horizontes.com\/index.php?rest_route=%2Fwp%2Fv2%2Ftags&post=19115"}],"curies":[{"name":"wp","href":"https:\/\/api.w.org\/{rel}","templated":true}]}}