{"id":1911,"date":"2014-09-11T17:50:41","date_gmt":"2014-09-11T17:50:41","guid":{"rendered":"http:\/\/2horizontes.com\/?p=1911"},"modified":"2014-09-11T17:53:59","modified_gmt":"2014-09-11T17:53:59","slug":"la-ultima-manana-de-allende","status":"publish","type":"post","link":"https:\/\/2horizontes.com\/?p=1911","title":{"rendered":"La \u00faltima ma\u00f1ana de Allende"},"content":{"rendered":"<p><a href=\"http:\/\/2horizontes.com\/wp-content\/uploads\/2014\/09\/pelicula-de-allende.jpg\"><img loading=\"lazy\" decoding=\"async\" src=\"http:\/\/2horizontes.com\/wp-content\/uploads\/2014\/09\/pelicula-de-allende-300x182.jpg\" alt=\"pelicula de allende\" width=\"300\" height=\"182\" class=\"alignleft size-medium wp-image-1912\" srcset=\"https:\/\/2horizontes.com\/wp-content\/uploads\/2014\/09\/pelicula-de-allende-300x182.jpg 300w, https:\/\/2horizontes.com\/wp-content\/uploads\/2014\/09\/pelicula-de-allende-510x310.jpg 510w, https:\/\/2horizontes.com\/wp-content\/uploads\/2014\/09\/pelicula-de-allende.jpg 560w\" sizes=\"auto, (max-width: 300px) 100vw, 300px\" \/><\/a> Chile.- El Sal\u00f3n Blanco de La Moneda estaba el pasado s\u00e1bado lleno de humo y efectos especiales de fuego. El director chileno Miguel Litt\u00edn (Palmilla, 1942) terminaba el rodaje de su pel\u00edcula Allende en su laberinto y quer\u00eda que las escenas reflejaran lo que sucedi\u00f3 justamente hoy hace 41 a\u00f1os en el Palacio presidencial, que fue atacado por las Fuerzas Armadas alrededor del mediod\u00eda y termin\u00f3 en parte destruido por las llamas. El filme retratar\u00e1 las \u00faltimas siete horas del mandatario socialista, su \u00faltima ma\u00f1ana con vida, desde que se levant\u00f3 hasta su muerte en medio del golpe de Estado de 1973. Y contempla detalles sutiles, como que en dos ocasiones, en su coche y oficina, cant\u00f3 alg\u00fan trozo de Tu nombre me sabe a hierba, la canci\u00f3n de Joan Manuel Serrat con versos de Antonio Machado.<\/p>\n<p>La informaci\u00f3n se la entreg\u00f3 en vida Miria Contreras, La Payita, secretaria y estrecha colaboradora de Allende, que comparti\u00f3 con \u00e9l las \u00faltimas horas en el Palacio. Porque Litt\u00edn, uno de los directores m\u00e1s reconocidos de Chile, colaborador de Allende en sus campa\u00f1as y en el Gobierno en materia de imagen y televisi\u00f3n, convers\u00f3 durante cuatro d\u00e9cadas con decenas de personas de su c\u00edrculo \u00edntimo y que acompa\u00f1aron al mandatario esa ma\u00f1ana. Despu\u00e9s de la revisi\u00f3n bibliogr\u00e1fica \u2014\u201cme he le\u00eddo todos los libros y no he dejado de escuchar a ninguna voz\u201d, dice-, consigui\u00f3 una mirada personal de lo que sucedi\u00f3 en La Moneda antes del bombardeo. \u201cNo es un documental, sino m\u00e1s bien una reconstrucci\u00f3n ficcionada de lo que ocurri\u00f3, con una interpretaci\u00f3n, lo que hace m\u00e1s complejo el filme\u201d, se\u00f1ala.<\/p>\n<p>Litt\u00edn piensa que no es claro que el presidente se suicidase <\/p>\n<p>La pel\u00edcula se ha rodado en Venezuela y Chile en 2014 y su relato central, adelanta Litt\u00edn, es la decisi\u00f3n de Allende de luchar y morir \u201cdefendiendo el honor de los chilenos y los dem\u00f3cratas\u201d. Y justamente sobre este punto, el director tiene una mirada distinta a la historia y a lo que recientemente han determinado los tribunales: piensa que no es claro que Allende se suicidase. No es el n\u00facleo de su pel\u00edcula. \u201cPondr\u00e9 todos los elementos para que el espectador deduzca lo que ocurri\u00f3\u201d, dice, pero duda de la sentencia de la Justicia, que en enero pasado ratific\u00f3 que el m\u00e9dico socialista se suicid\u00f3. \u201cLo digo con mucha responsabilidad: el juez Mario Carroza no investig\u00f3 exhaustivamente los hechos. En la redacci\u00f3n del fallo, dice que Allende entr\u00f3 al Sal\u00f3n Independencia, cerr\u00f3 la puerta y luego el magistrado comienza a contar, como si fuera Dios, lo que ocurri\u00f3. \u00bfC\u00f3mo supo si nadie entr\u00f3 nunca?\u201d, se pregunta Litt\u00edn. \u201cEs imposible que una persona se suicide dos veces, porque el cuerpo fue encontrado con disparos diferentes\u201d.<\/p>\n<p>No es la primera vez que Litt\u00edn realiza una cinta relativa a Allende. En 1970, el a\u00f1o en que se iniciaron los mil d\u00edas de la Unidad Popular, estren\u00f3 el documental Compa\u00f1ero, presidente. Luego, en 1986, ya exiliado en Espa\u00f1a, realiz\u00f3 para la Televisi\u00f3n Espa\u00f1ola un nuevo documental, Allende, el tiempo de la historia, que contemplaba im\u00e1genes de su viaje como clandestino a Chile. El cineasta tuvo que convertirse en un hombre de negocios uruguayo para lograr ingresar al pa\u00eds en la dictadura y poder filmar. Pero el gui\u00f3n definitivo de Allende en su laberinto, que se estrenar\u00e1 en noviembre y cuenta con la actuaci\u00f3n de importantes int\u00e9rpretes locales, se tard\u00f3 d\u00e9cadas en materializarse. A mediados de los setenta, despu\u00e9s del Golpe, de la detenci\u00f3n y en medio del exilio, Litt\u00edn hizo un texto que finalmente desech\u00f3 \u201cporque la visi\u00f3n era desgarrada e inmediata\u201d.<\/p>\n<p>Pero, \u00bfqu\u00e9 hizo Allende su \u00faltima ma\u00f1ana? \u201cBrome\u00f3, tom\u00f3 decisiones, se despidi\u00f3, record\u00f3 pasajes de su historia y dej\u00f3 el legado de su discurso desde La Moneda\u201d, dice Litt\u00edn. A trav\u00e9s de la reconstrucci\u00f3n de esas siete horas, explica, se puede explorar su vida entera. Y a 41 a\u00f1os del Golpe de Estado, asegura que su figura sigue siendo muy vigente: \u201cChile ser\u00eda otro pa\u00eds sin Allende, derrotado y con la cabeza agachada. La utop\u00eda y el romanticismo se llaman Allende en Chile y eso lo reconoce la calle, la gente. Es su legado\u201d.<\/p>\n<p>F. El Pa\u00eds.<\/p>\n","protected":false},"excerpt":{"rendered":"<p>Chile.- El Sal\u00f3n Blanco de La Moneda estaba el pasado s\u00e1bado lleno de humo y efectos especiales de fuego. El director chileno Miguel Litt\u00edn (Palmilla, 1942) terminaba el rodaje de su pel\u00edcula Allende en su laberinto y quer\u00eda que las escenas reflejaran lo que sucedi\u00f3 justamente hoy hace 41 a\u00f1os en el Palacio presidencial, que [&hellip;]<\/p>\n","protected":false},"author":1,"featured_media":0,"comment_status":"open","ping_status":"open","sticky":false,"template":"","format":"standard","meta":{"footnotes":""},"categories":[1],"tags":[],"class_list":["post-1911","post","type-post","status-publish","format-standard","hentry","category-entretenimiento"],"_links":{"self":[{"href":"https:\/\/2horizontes.com\/index.php?rest_route=\/wp\/v2\/posts\/1911","targetHints":{"allow":["GET"]}}],"collection":[{"href":"https:\/\/2horizontes.com\/index.php?rest_route=\/wp\/v2\/posts"}],"about":[{"href":"https:\/\/2horizontes.com\/index.php?rest_route=\/wp\/v2\/types\/post"}],"author":[{"embeddable":true,"href":"https:\/\/2horizontes.com\/index.php?rest_route=\/wp\/v2\/users\/1"}],"replies":[{"embeddable":true,"href":"https:\/\/2horizontes.com\/index.php?rest_route=%2Fwp%2Fv2%2Fcomments&post=1911"}],"version-history":[{"count":2,"href":"https:\/\/2horizontes.com\/index.php?rest_route=\/wp\/v2\/posts\/1911\/revisions"}],"predecessor-version":[{"id":1914,"href":"https:\/\/2horizontes.com\/index.php?rest_route=\/wp\/v2\/posts\/1911\/revisions\/1914"}],"wp:attachment":[{"href":"https:\/\/2horizontes.com\/index.php?rest_route=%2Fwp%2Fv2%2Fmedia&parent=1911"}],"wp:term":[{"taxonomy":"category","embeddable":true,"href":"https:\/\/2horizontes.com\/index.php?rest_route=%2Fwp%2Fv2%2Fcategories&post=1911"},{"taxonomy":"post_tag","embeddable":true,"href":"https:\/\/2horizontes.com\/index.php?rest_route=%2Fwp%2Fv2%2Ftags&post=1911"}],"curies":[{"name":"wp","href":"https:\/\/api.w.org\/{rel}","templated":true}]}}